{"id":51349,"date":"2026-04-27T20:14:36","date_gmt":"2026-04-27T20:14:36","guid":{"rendered":"https:\/\/radiocresatelital.com\/?p=51349"},"modified":"2026-04-27T20:14:36","modified_gmt":"2026-04-27T20:14:36","slug":"iniciemos-el-ano-lectivo-trabajando-juntos-por-espacios-limpios","status":"publish","type":"post","link":"https:\/\/radiocresatelital.com\/?p=51349","title":{"rendered":"Iniciemos el a\u00f1o lectivo trabajando juntos por espacios limpios"},"content":{"rendered":"<p>Guayaquil.- Con el inicio del nuevo a\u00f1o lectivo, el Consorcio Urvaseo recuerda a las unidades educativas la importancia de realizar mingas de limpieza en sus instalaciones, promoviendo espacios adecuados para el desarrollo de las actividades escolares y el bienestar de la comunidad educativa.<\/p>\n<p>En este contexto, se informa que las instituciones pueden solicitar previamente la coordinaci\u00f3n del servicio de recolecci\u00f3n con Urvaseo, con el fin de gestionar de manera oportuna el retiro de los desechos generados durante estas jornadas de limpieza.<\/p>\n<p>Durante las mingas, es importante considerar que se podr\u00e1n disponer residuos y enseres de gran volumen, los cuales deben ser organizados adecuadamente para facilitar su recolecci\u00f3n.<\/p>\n<p>Asimismo, en el caso de poda de \u00e1rboles y mantenimiento de jardines, se deben trocear los residuos y colocarlos en sacos de yute o material pl\u00e1stico, permitiendo as\u00ed un manejo m\u00e1s eficiente y ordenado de los desechos.<\/p>\n<p>Para coordinar la recolecci\u00f3n de desechos producto de mingas, las unidades educativas pueden contactarse a trav\u00e9s de WhatsApp al 0962992992, indicando direcci\u00f3n, nombre y n\u00famero de contacto del responsable de la actividad.<\/p>\n","protected":false},"excerpt":{"rendered":"<p>Guayaquil.- Con el inicio del nuevo a\u00f1o lectivo, el Consorcio Urvaseo recuerda a las unidades educativas la importancia de realizar mingas de limpieza en sus instalaciones, promoviendo espacios adecuados para el desarrollo de las actividades escolares y el bienestar de la comunidad educativa. En este contexto, se informa que las instituciones pueden solicitar previamente la [&hellip;]<\/p>\n","protected":false},"author":2,"featured_media":51350,"comment_status":"open","ping_status":"closed","sticky":false,"template":"","format":"standard","meta":{"_jetpack_memberships_contains_paid_content":false,"footnotes":""},"categories":[33,13],"tags":[5891],"class_list":["post-51349","post","type-post","status-publish","format-standard","has-post-thumbnail","hentry","category-guayaquil","category-noticias-nacionales","tag-consorcio-urvaseo"],"jetpack_featured_media_url":"https:\/\/radiocresatelital.com\/wp-content\/uploads\/2026\/04\/IMG_7431.JPG.jpeg","jetpack_sharing_enabled":true,"_links":{"self":[{"href":"https:\/\/radiocresatelital.com\/index.php?rest_route=\/wp\/v2\/posts\/51349","targetHints":{"allow":["GET"]}}],"collection":[{"href":"https:\/\/radiocresatelital.com\/index.php?rest_route=\/wp\/v2\/posts"}],"about":[{"href":"https:\/\/radiocresatelital.com\/index.php?rest_route=\/wp\/v2\/types\/post"}],"author":[{"embeddable":true,"href":"https:\/\/radiocresatelital.com\/index.php?rest_route=\/wp\/v2\/users\/2"}],"replies":[{"embeddable":true,"href":"https:\/\/radiocresatelital.com\/index.php?rest_route=%2Fwp%2Fv2%2Fcomments&post=51349"}],"version-history":[{"count":1,"href":"https:\/\/radiocresatelital.com\/index.php?rest_route=\/wp\/v2\/posts\/51349\/revisions"}],"predecessor-version":[{"id":51351,"href":"https:\/\/radiocresatelital.com\/index.php?rest_route=\/wp\/v2\/posts\/51349\/revisions\/51351"}],"wp:featuredmedia":[{"embeddable":true,"href":"https:\/\/radiocresatelital.com\/index.php?rest_route=\/wp\/v2\/media\/51350"}],"wp:attachment":[{"href":"https:\/\/radiocresatelital.com\/index.php?rest_route=%2Fwp%2Fv2%2Fmedia&parent=51349"}],"wp:term":[{"taxonomy":"category","embeddable":true,"href":"https:\/\/radiocresatelital.com\/index.php?rest_route=%2Fwp%2Fv2%2Fcategories&post=51349"},{"taxonomy":"post_tag","embeddable":true,"href":"https:\/\/radiocresatelital.com\/index.php?rest_route=%2Fwp%2Fv2%2Ftags&post=51349"}],"curies":[{"name":"wp","href":"https:\/\/api.w.org\/{rel}","templated":true}]}}