{"id":51346,"date":"2026-04-27T20:12:13","date_gmt":"2026-04-27T20:12:13","guid":{"rendered":"https:\/\/radiocresatelital.com\/?p=51346"},"modified":"2026-04-27T20:12:13","modified_gmt":"2026-04-27T20:12:13","slug":"mas-de-300-mil-estudiantes-se-benefician-del-ii-encuentro-internacional-de-educacion-inicial-impulsado-por-el-gobierno-nacional-en-cuenca","status":"publish","type":"post","link":"https:\/\/radiocresatelital.com\/?p=51346","title":{"rendered":"M\u00e1s de 300 mil estudiantes se benefician del II Encuentro Internacional de Educaci\u00f3n Inicial impulsado por el Gobierno Nacional en Cuenca"},"content":{"rendered":"<p>Cuenca.- El Ministerio de Educaci\u00f3n, Deporte y Cultura desarrollar\u00e1 del 27 al 29 de abril de 2026, en Cuenca, el II Encuentro Internacional de Educaci\u00f3n Inicial \u201cInspira y Educa\u201d, en el marco de la estrategia institucional \u201cUn Espacio para la Educaci\u00f3n Inicial: porque el comienzo importa\u201d, iniciativa que beneficia directamente a m\u00e1s de 300 mil estudiantes en todo el pa\u00eds.<\/p>\n<p>Este evento se consolida como un espacio de reflexi\u00f3n, di\u00e1logo y construcci\u00f3n colectiva orientado a fortalecer la Educaci\u00f3n Inicial como base del desarrollo humano y de trayectorias educativas sostenidas, equitativas y de calidad desde los primeros a\u00f1os de vida.<\/p>\n<p>El encuentro reunir\u00e1 a docentes, directivos, formadores, investigadores, estudiantes, tomadores de decisi\u00f3n, organizaciones sociales y familias, con el objetivo de intercambiar conocimientos, experiencias e investigaciones que aporten al fortalecimiento de pr\u00e1cticas pedag\u00f3gicas y al dise\u00f1o de pol\u00edticas p\u00fablicas para la primera infancia.<\/p>\n<p>La agenda acad\u00e9mica se desarrollar\u00e1 sobre cinco prioridades estrat\u00e9gicas:<\/p>\n<ul>\n<li>Desarrollo integral en la primera infancia, considerando dimensiones cognitivas, emocionales, f\u00edsicas y sociales.<\/li>\n<li>Lenguaje, interacci\u00f3n y pensamiento, con \u00e9nfasis en el desarrollo del vocabulario para reducir brechas de desigualdad.<\/li>\n<li>Pr\u00e1cticas pedag\u00f3gicas innovadoras y fortalecimiento docente en contextos diversos.<\/li>\n<li>Familia, comunidad y corresponsabilidad educativa, promoviendo la participaci\u00f3n en el proceso formativo.<\/li>\n<li>Primera infancia como prioridad nacional, mediante pol\u00edticas p\u00fablicas basadas en evidencia y enfoque de derechos.<\/li>\n<\/ul>\n<p>Este espacio contar\u00e1 con la participaci\u00f3n de organismos de cooperaci\u00f3n internacional y entidades especializadas como UNICEF, OEI, CAF, Banco Mundial, BID, adem\u00e1s de universidades, redes acad\u00e9micas y organizaciones nacionales vinculadas a la educaci\u00f3n y la primera infancia.<\/p>\n<p>Esta articulaci\u00f3n permitir\u00e1 fortalecer capacidades institucionales, promover el intercambio de buenas pr\u00e1cticas y generar incidencia en la implementaci\u00f3n de pol\u00edticas p\u00fablicas que ampl\u00eden oportunidades para ni\u00f1as y ni\u00f1os en esta etapa decisiva.<\/p>\n<p>El Ministerio de Educaci\u00f3n, Deporte y Cultura reafirma su compromiso con la primera infancia como base del desarrollo integral del pa\u00eds, impulsando una educaci\u00f3n inicial de calidad, inclusiva y equitativa.<\/p>\n","protected":false},"excerpt":{"rendered":"<p>Cuenca.- El Ministerio de Educaci\u00f3n, Deporte y Cultura desarrollar\u00e1 del 27 al 29 de abril de 2026, en Cuenca, el II Encuentro Internacional de Educaci\u00f3n Inicial \u201cInspira y Educa\u201d, en el marco de la estrategia institucional \u201cUn Espacio para la Educaci\u00f3n Inicial: porque el comienzo importa\u201d, iniciativa que beneficia directamente a m\u00e1s de 300 mil [&hellip;]<\/p>\n","protected":false},"author":2,"featured_media":51347,"comment_status":"open","ping_status":"closed","sticky":false,"template":"","format":"standard","meta":{"_jetpack_memberships_contains_paid_content":false,"footnotes":""},"categories":[13],"tags":[8471,8352,8472],"class_list":["post-51346","post","type-post","status-publish","format-standard","has-post-thumbnail","hentry","category-noticias-nacionales","tag-ii-encuentro-internacional-de-educacion-inicial-inspira-y-educa","tag-ministerio-de-educacion-deporte-y-cultura","tag-un-espacio-para-la-educacion-inicial-porque-el-comienzo-importa"],"jetpack_featured_media_url":"https:\/\/radiocresatelital.com\/wp-content\/uploads\/2026\/04\/evento-2.jpeg","jetpack_sharing_enabled":true,"_links":{"self":[{"href":"https:\/\/radiocresatelital.com\/index.php?rest_route=\/wp\/v2\/posts\/51346","targetHints":{"allow":["GET"]}}],"collection":[{"href":"https:\/\/radiocresatelital.com\/index.php?rest_route=\/wp\/v2\/posts"}],"about":[{"href":"https:\/\/radiocresatelital.com\/index.php?rest_route=\/wp\/v2\/types\/post"}],"author":[{"embeddable":true,"href":"https:\/\/radiocresatelital.com\/index.php?rest_route=\/wp\/v2\/users\/2"}],"replies":[{"embeddable":true,"href":"https:\/\/radiocresatelital.com\/index.php?rest_route=%2Fwp%2Fv2%2Fcomments&post=51346"}],"version-history":[{"count":1,"href":"https:\/\/radiocresatelital.com\/index.php?rest_route=\/wp\/v2\/posts\/51346\/revisions"}],"predecessor-version":[{"id":51348,"href":"https:\/\/radiocresatelital.com\/index.php?rest_route=\/wp\/v2\/posts\/51346\/revisions\/51348"}],"wp:featuredmedia":[{"embeddable":true,"href":"https:\/\/radiocresatelital.com\/index.php?rest_route=\/wp\/v2\/media\/51347"}],"wp:attachment":[{"href":"https:\/\/radiocresatelital.com\/index.php?rest_route=%2Fwp%2Fv2%2Fmedia&parent=51346"}],"wp:term":[{"taxonomy":"category","embeddable":true,"href":"https:\/\/radiocresatelital.com\/index.php?rest_route=%2Fwp%2Fv2%2Fcategories&post=51346"},{"taxonomy":"post_tag","embeddable":true,"href":"https:\/\/radiocresatelital.com\/index.php?rest_route=%2Fwp%2Fv2%2Ftags&post=51346"}],"curies":[{"name":"wp","href":"https:\/\/api.w.org\/{rel}","templated":true}]}}