{"id":51343,"date":"2026-04-27T19:55:29","date_gmt":"2026-04-27T19:55:29","guid":{"rendered":"https:\/\/radiocresatelital.com\/?p=51343"},"modified":"2026-04-27T19:55:29","modified_gmt":"2026-04-27T19:55:29","slug":"magp-en-manabi-fortalece-la-produccion-platanera-con-dia-de-campo-sobre-manejo-integrado-y-bioseguridad","status":"publish","type":"post","link":"https:\/\/radiocresatelital.com\/?p=51343","title":{"rendered":"MAGP, en Manab\u00ed, fortalece la producci\u00f3n platanera con D\u00eda de Campo sobre manejo integrado y bioseguridad"},"content":{"rendered":"<p>Montecristi.- Productores de pl\u00e1tano de la zona subtropical de Manab\u00ed participaron en un D\u00eda de Campo sobre tecnolog\u00edas para el manejo integrado del cultivo, desarrollado en la comunidad Las Margaritas, cant\u00f3n Montecristi, con el apoyo del Ministerio de Agricultura, Ganader\u00eda y Pesca (MAGP), a trav\u00e9s de su Direcci\u00f3n Distrital.<\/p>\n<p>La jornada cont\u00f3 con la participaci\u00f3n de estudiantes de la Universidad Laica Eloy Alfaro de Manab\u00ed, Universidad T\u00e9cnica de Manab\u00ed y ESPAM, as\u00ed como t\u00e9cnicos de INIAP y Agrocalidad, quienes fortalecieron conocimientos sobre manejo fitosanitario, productividad y prevenci\u00f3n de enfermedades en mus\u00e1ceas.<\/p>\n<p>La directora Distrital del MAGP Manab\u00ed, Laura Londo\u00f1o, se\u00f1al\u00f3 que durante la capacitaci\u00f3n se abordaron temas de bioseguridad en mus\u00e1ceas, prevenci\u00f3n de Fusarium R4T y Moko, protocolos de desinfecci\u00f3n de herramientas y calzado, control del movimiento de material vegetal y veh\u00edculos, as\u00ed como manejo t\u00e9cnico de plantaciones.<\/p>\n<p>Tambi\u00e9n se trataron contenidos relacionados con dise\u00f1o de huertos, labores culturales, deshije, deshoje, desmanche, selecci\u00f3n y propagaci\u00f3n de semilla, identificaci\u00f3n de plantas madre sanas y productivas, limpieza y desinfecci\u00f3n de cormos, adem\u00e1s de m\u00e9todos de multiplicaci\u00f3n r\u00e1pida.<\/p>\n<p>En materia nutricional, los asistentes recibieron informaci\u00f3n sobre interpretaci\u00f3n de an\u00e1lisis de suelo, uso de cal, yeso y materia org\u00e1nica para correcci\u00f3n de pH, as\u00ed como planes de fertilizaci\u00f3n balanceada para mejorar el rendimiento del cultivo.<\/p>\n<p>El t\u00e9cnico del MAGP, Luis Rodr\u00edguez, explic\u00f3 que entre las principales pr\u00e1cticas para el manejo sanitario constan la desinfecci\u00f3n permanente de herramientas, control de malezas, rotaci\u00f3n de cultivos, solarizaci\u00f3n y aireaci\u00f3n del terreno en \u00e9pocas secas. A\u00f1adi\u00f3 que, en predios donde existe presencia de enfermedades, es importante retirar flores masculinas y mantener monitoreo constante.<\/p>\n<p>Por su parte, Xavier Cobe\u00f1a, presidente de la Asociaci\u00f3n Agropecuaria Las Margaritas, destac\u00f3 el respaldo recibido por parte del MAGP mediante procesos de capacitaci\u00f3n, mecanizaci\u00f3n para la Agricultura Familiar Campesina y kits agr\u00edcolas. Se\u00f1al\u00f3 adem\u00e1s que la producci\u00f3n de pl\u00e1tano en la zona ha mejorado y cuenta con espacios de comercializaci\u00f3n.<\/p>\n<p>En los \u00faltimos a\u00f1os, la producci\u00f3n de pl\u00e1tano ha registrado crecimiento en zonas de tr\u00f3pico seco, impulsada por la industria de derivados y la demanda internacional. No obstante, este escenario tambi\u00e9n exige reforzar medidas de bioseguridad para prevenir la propagaci\u00f3n de enfermedades y proteger la sostenibilidad del cultivo.<\/p>\n<p>Con estas acciones, el MAGP fortalece las capacidades t\u00e9cnicas de productores y actores de la cadena productiva del pl\u00e1tano en la provincia de Manab\u00ed.<\/p>\n","protected":false},"excerpt":{"rendered":"<p>Montecristi.- Productores de pl\u00e1tano de la zona subtropical de Manab\u00ed participaron en un D\u00eda de Campo sobre tecnolog\u00edas para el manejo integrado del cultivo, desarrollado en la comunidad Las Margaritas, cant\u00f3n Montecristi, con el apoyo del Ministerio de Agricultura, Ganader\u00eda y Pesca (MAGP), a trav\u00e9s de su Direcci\u00f3n Distrital. La jornada cont\u00f3 con la participaci\u00f3n [&hellip;]<\/p>\n","protected":false},"author":2,"featured_media":51344,"comment_status":"open","ping_status":"closed","sticky":false,"template":"","format":"standard","meta":{"_jetpack_memberships_contains_paid_content":false,"footnotes":""},"categories":[13],"tags":[8221],"class_list":["post-51343","post","type-post","status-publish","format-standard","has-post-thumbnail","hentry","category-noticias-nacionales","tag-ministerio-de-agricultura-ganaderia-y-pesca"],"jetpack_featured_media_url":"https:\/\/radiocresatelital.com\/wp-content\/uploads\/2026\/04\/WhatsApp-Image-2026-04-27-at-14.50.00.jpeg","jetpack_sharing_enabled":true,"_links":{"self":[{"href":"https:\/\/radiocresatelital.com\/index.php?rest_route=\/wp\/v2\/posts\/51343","targetHints":{"allow":["GET"]}}],"collection":[{"href":"https:\/\/radiocresatelital.com\/index.php?rest_route=\/wp\/v2\/posts"}],"about":[{"href":"https:\/\/radiocresatelital.com\/index.php?rest_route=\/wp\/v2\/types\/post"}],"author":[{"embeddable":true,"href":"https:\/\/radiocresatelital.com\/index.php?rest_route=\/wp\/v2\/users\/2"}],"replies":[{"embeddable":true,"href":"https:\/\/radiocresatelital.com\/index.php?rest_route=%2Fwp%2Fv2%2Fcomments&post=51343"}],"version-history":[{"count":1,"href":"https:\/\/radiocresatelital.com\/index.php?rest_route=\/wp\/v2\/posts\/51343\/revisions"}],"predecessor-version":[{"id":51345,"href":"https:\/\/radiocresatelital.com\/index.php?rest_route=\/wp\/v2\/posts\/51343\/revisions\/51345"}],"wp:featuredmedia":[{"embeddable":true,"href":"https:\/\/radiocresatelital.com\/index.php?rest_route=\/wp\/v2\/media\/51344"}],"wp:attachment":[{"href":"https:\/\/radiocresatelital.com\/index.php?rest_route=%2Fwp%2Fv2%2Fmedia&parent=51343"}],"wp:term":[{"taxonomy":"category","embeddable":true,"href":"https:\/\/radiocresatelital.com\/index.php?rest_route=%2Fwp%2Fv2%2Fcategories&post=51343"},{"taxonomy":"post_tag","embeddable":true,"href":"https:\/\/radiocresatelital.com\/index.php?rest_route=%2Fwp%2Fv2%2Ftags&post=51343"}],"curies":[{"name":"wp","href":"https:\/\/api.w.org\/{rel}","templated":true}]}}