{"id":51337,"date":"2026-04-27T19:45:18","date_gmt":"2026-04-27T19:45:18","guid":{"rendered":"https:\/\/radiocresatelital.com\/?p=51337"},"modified":"2026-04-27T19:47:50","modified_gmt":"2026-04-27T19:47:50","slug":"jovenes-promesas-del-team-best-pc-destacan-en-panama-y-guatemala","status":"publish","type":"post","link":"https:\/\/radiocresatelital.com\/?p=51337","title":{"rendered":"Team Best Pc Viaj\u00f3 a Guatemala para ser protagonista en la vuelta Bantrab"},"content":{"rendered":"<p>Quito.-\u00a0Liderados por los experimentados Byron Guam\u00e1 y Santiago Montenegro, el <strong>Team Best PC <\/strong>viaj\u00f3 a Guatemala para ser protagonista en la quinta edici\u00f3n de la Vuelta Bantrab, que comenzar\u00e1 el 29 de abril y finalizar\u00e1 el 3 de mayo.<\/p>\n<p>Tras ganar la carrera Yo Vivo Seguro, organizada por la Polic\u00eda Nacional de Ecuador, donde Montenegro se impuso en la categor\u00eda \u00e9lite, los tecnol\u00f3gicos quedaron listos para la ronda guatemalteca.<\/p>\n<p>\u201cViajamos motivados a Guatemala, que es una carrera en la que nos ha ido bastante bien y esperamos cumplir con un buen papel a lo largo de las cinco etapas\u201d, recalc\u00f3 Santiago.<\/p>\n<p>Adem\u00e1s del campe\u00f3n de la Vuelta al Ecuador en 2020 y de Guam\u00e1, la n\u00f3mina del <strong>Team Best PC <\/strong>est\u00e1 conformada por Anthony Coque, Kevin Navas, Nixon Rosero y el colombiano C\u00e9sar Guavita, quien se estrenar\u00e1 con el jersey del elenco tricolor.<\/p>\n<p>\u201cVamos con enormes ilusiones y expectativas con el equipo, que es ganar la clasificaci\u00f3n general y en lo personal pelear por la clasificaci\u00f3n de los j\u00f3venes\u201d, mencion\u00f3 un emocionado Navas.<\/p>\n<p>El recorrido total ser\u00e1 de 665.6 kil\u00f3metros, a lo largo de cinco jornadas, y tendr\u00e1 la participaci\u00f3n de 10 equipos locales y ocho extranjeros provenientes de Colombia, Estados Unidos, Ecuador, Costa Rica y Honduras.<\/p>\n<p>Para el Patr\u00f3n, como se conoce a Guam\u00e1, el equipo \u201cparte como uno de los favoritos a ganar la clasificaci\u00f3n general y vamos con la intenci\u00f3n de ratificar eso\u201d, asegur\u00f3.<\/p>\n<p>Para el pr\u00f3ximo 29 de abril est\u00e1 previsto el inici\u00f3 de la prueba en la que el \u00fanico equipo continental ecuatoriano tiene previsto ser protagonista de la carrera, que tiene categor\u00eda 2.2\u00a0de la Uni\u00f3n Ciclista Internacional (UCI).<\/p>\n","protected":false},"excerpt":{"rendered":"<p>Quito.-\u00a0Liderados por los experimentados Byron Guam\u00e1 y Santiago Montenegro, el Team Best PC viaj\u00f3 a Guatemala para ser protagonista en la quinta edici\u00f3n de la Vuelta Bantrab, que comenzar\u00e1 el 29 de abril y finalizar\u00e1 el 3 de mayo. Tras ganar la carrera Yo Vivo Seguro, organizada por la Polic\u00eda Nacional de Ecuador, donde Montenegro [&hellip;]<\/p>\n","protected":false},"author":2,"featured_media":51341,"comment_status":"open","ping_status":"closed","sticky":false,"template":"","format":"standard","meta":{"_jetpack_memberships_contains_paid_content":false,"footnotes":""},"categories":[120,9],"tags":[7704],"class_list":["post-51337","post","type-post","status-publish","format-standard","has-post-thumbnail","hentry","category-ciclismo","category-deportes","tag-team-best-pc"],"jetpack_featured_media_url":"https:\/\/radiocresatelital.com\/wp-content\/uploads\/2026\/04\/WhatsApp-Image-2026-04-27-at-11.37.10.jpeg","jetpack_sharing_enabled":true,"_links":{"self":[{"href":"https:\/\/radiocresatelital.com\/index.php?rest_route=\/wp\/v2\/posts\/51337","targetHints":{"allow":["GET"]}}],"collection":[{"href":"https:\/\/radiocresatelital.com\/index.php?rest_route=\/wp\/v2\/posts"}],"about":[{"href":"https:\/\/radiocresatelital.com\/index.php?rest_route=\/wp\/v2\/types\/post"}],"author":[{"embeddable":true,"href":"https:\/\/radiocresatelital.com\/index.php?rest_route=\/wp\/v2\/users\/2"}],"replies":[{"embeddable":true,"href":"https:\/\/radiocresatelital.com\/index.php?rest_route=%2Fwp%2Fv2%2Fcomments&post=51337"}],"version-history":[{"count":3,"href":"https:\/\/radiocresatelital.com\/index.php?rest_route=\/wp\/v2\/posts\/51337\/revisions"}],"predecessor-version":[{"id":51342,"href":"https:\/\/radiocresatelital.com\/index.php?rest_route=\/wp\/v2\/posts\/51337\/revisions\/51342"}],"wp:featuredmedia":[{"embeddable":true,"href":"https:\/\/radiocresatelital.com\/index.php?rest_route=\/wp\/v2\/media\/51341"}],"wp:attachment":[{"href":"https:\/\/radiocresatelital.com\/index.php?rest_route=%2Fwp%2Fv2%2Fmedia&parent=51337"}],"wp:term":[{"taxonomy":"category","embeddable":true,"href":"https:\/\/radiocresatelital.com\/index.php?rest_route=%2Fwp%2Fv2%2Fcategories&post=51337"},{"taxonomy":"post_tag","embeddable":true,"href":"https:\/\/radiocresatelital.com\/index.php?rest_route=%2Fwp%2Fv2%2Ftags&post=51337"}],"curies":[{"name":"wp","href":"https:\/\/api.w.org\/{rel}","templated":true}]}}