{"id":51328,"date":"2026-04-27T19:00:44","date_gmt":"2026-04-27T19:00:44","guid":{"rendered":"https:\/\/radiocresatelital.com\/?p=51328"},"modified":"2026-04-27T19:00:44","modified_gmt":"2026-04-27T19:00:44","slug":"guayaquil-posiciona-su-modelo-de-economia-circular-en-cumbre-internacional-y-fortalece-su-proyeccion-sostenible","status":"publish","type":"post","link":"https:\/\/radiocresatelital.com\/?p=51328","title":{"rendered":"Guayaquil posiciona su modelo de econom\u00eda circular en cumbre internacional y fortalece su proyecci\u00f3n sostenible"},"content":{"rendered":"<p>Guayaquil.- En el marco de la Cumbre Glocal de Econom\u00eda Circular Nova-Next Summit, realizada en el Museo Pan\u00f3ptico de Ibagu\u00e9, Colombia, la ciudad de Guayaquil expuso sus avances en la implementaci\u00f3n de pol\u00edticas y proyectos orientados a la econom\u00eda circular.<\/p>\n<p>La delegaci\u00f3n estuvo encabezada por Jessica Saavedra, gerente general de Circular EP, quien particip\u00f3 en la octava Mesa Redonda de la Organizaci\u00f3n para la Cooperaci\u00f3n y el Desarrollo Econ\u00f3mico (OCDE), junto a representantes de 40 pa\u00edses.<\/p>\n<p>Durante la agenda desarrollada del 21 al 23 de abril, la comitiva conoci\u00f3 casos de \u00e9xito en el aprovechamiento de residuos, as\u00ed como modelos innovadores impulsados por gobiernos locales y el sector privado.<\/p>\n<p>Entre las actividades destacadas constaron la inauguraci\u00f3n del laboratorio \u201cCirculab\u201d y del primer Vivero Local Experimental, espacios donde se abordaron soluciones en movilidad sostenible, econom\u00eda textil y regeneraci\u00f3n de suelos. El evento, que alcanz\u00f3 un 95,5 % de cumplimiento como \u201cevento cero residuos\u201d, permiti\u00f3 adem\u00e1s analizar oportunidades de financiamiento a trav\u00e9s de organismos multilaterales, orientadas exclusivamente a proyectos de econom\u00eda circular.<\/p>\n<p>El intercambio de experiencias y el an\u00e1lisis comparativo de normativas evidenciaron que Guayaquil avanza en la direcci\u00f3n correcta, bajo la visi\u00f3n del alcalde Aquiles Alvarez y de la alcaldesa (s) Tatiana Coronel, consolidando su modelo de gesti\u00f3n a trav\u00e9s de Circular EP, empresa p\u00fablica municipal creada en la actual administraci\u00f3n, que impulsa iniciativas sostenibles con enfoque en la valorizaci\u00f3n de residuos.<\/p>\n<p>Asimismo, como resultado estrat\u00e9gico del encuentro, se propuso la creaci\u00f3n de la Red Iberoamericana de Autoridades Locales por la Econom\u00eda Circular, para fortalecer la cooperaci\u00f3n regional en materia tecnol\u00f3gica y normativa.<\/p>\n<p>Con su participaci\u00f3n en este espacio internacional, Guayaquil busca posicionarse como un referente en econom\u00eda circular y ser un destino atractivo para inversiones verdes, demostrando que existen herramientas clave para generar resultados medibles y promover el desarrollo sostenible.<\/p>\n<p>La Alcald\u00eda de Guayaquil reafirma su compromiso de impulsar pol\u00edticas p\u00fablicas innovadoras que fortalezcan la gesti\u00f3n ambiental, fomenten la inversi\u00f3n responsable y contribuyan a la construcci\u00f3n de una ciudad m\u00e1s sostenible, inclusiva y resiliente para las futuras generaciones.<\/p>\n","protected":false},"excerpt":{"rendered":"<p>Guayaquil.- En el marco de la Cumbre Glocal de Econom\u00eda Circular Nova-Next Summit, realizada en el Museo Pan\u00f3ptico de Ibagu\u00e9, Colombia, la ciudad de Guayaquil expuso sus avances en la implementaci\u00f3n de pol\u00edticas y proyectos orientados a la econom\u00eda circular. La delegaci\u00f3n estuvo encabezada por Jessica Saavedra, gerente general de Circular EP, quien particip\u00f3 en [&hellip;]<\/p>\n","protected":false},"author":2,"featured_media":51329,"comment_status":"open","ping_status":"closed","sticky":false,"template":"","format":"standard","meta":{"_jetpack_memberships_contains_paid_content":false,"footnotes":""},"categories":[13],"tags":[8469,8470],"class_list":["post-51328","post","type-post","status-publish","format-standard","has-post-thumbnail","hentry","category-noticias-nacionales","tag-cumbre-glocal-de-economia-circular-nova-next-summit","tag-museo-panoptico-de-ibague"],"jetpack_featured_media_url":"https:\/\/radiocresatelital.com\/wp-content\/uploads\/2026\/04\/IMG_0447-1.jpeg","jetpack_sharing_enabled":true,"_links":{"self":[{"href":"https:\/\/radiocresatelital.com\/index.php?rest_route=\/wp\/v2\/posts\/51328","targetHints":{"allow":["GET"]}}],"collection":[{"href":"https:\/\/radiocresatelital.com\/index.php?rest_route=\/wp\/v2\/posts"}],"about":[{"href":"https:\/\/radiocresatelital.com\/index.php?rest_route=\/wp\/v2\/types\/post"}],"author":[{"embeddable":true,"href":"https:\/\/radiocresatelital.com\/index.php?rest_route=\/wp\/v2\/users\/2"}],"replies":[{"embeddable":true,"href":"https:\/\/radiocresatelital.com\/index.php?rest_route=%2Fwp%2Fv2%2Fcomments&post=51328"}],"version-history":[{"count":1,"href":"https:\/\/radiocresatelital.com\/index.php?rest_route=\/wp\/v2\/posts\/51328\/revisions"}],"predecessor-version":[{"id":51330,"href":"https:\/\/radiocresatelital.com\/index.php?rest_route=\/wp\/v2\/posts\/51328\/revisions\/51330"}],"wp:featuredmedia":[{"embeddable":true,"href":"https:\/\/radiocresatelital.com\/index.php?rest_route=\/wp\/v2\/media\/51329"}],"wp:attachment":[{"href":"https:\/\/radiocresatelital.com\/index.php?rest_route=%2Fwp%2Fv2%2Fmedia&parent=51328"}],"wp:term":[{"taxonomy":"category","embeddable":true,"href":"https:\/\/radiocresatelital.com\/index.php?rest_route=%2Fwp%2Fv2%2Fcategories&post=51328"},{"taxonomy":"post_tag","embeddable":true,"href":"https:\/\/radiocresatelital.com\/index.php?rest_route=%2Fwp%2Fv2%2Ftags&post=51328"}],"curies":[{"name":"wp","href":"https:\/\/api.w.org\/{rel}","templated":true}]}}