{"id":51325,"date":"2026-04-27T18:57:15","date_gmt":"2026-04-27T18:57:15","guid":{"rendered":"https:\/\/radiocresatelital.com\/?p=51325"},"modified":"2026-04-27T18:57:15","modified_gmt":"2026-04-27T18:57:15","slug":"sistema-de-proteccion-a-la-ninez-se-fortalece-con-mas-cobertura-y-atencion","status":"publish","type":"post","link":"https:\/\/radiocresatelital.com\/?p=51325","title":{"rendered":"Sistema de protecci\u00f3n a la ni\u00f1ez se fortalece con m\u00e1s cobertura y atenci\u00f3n"},"content":{"rendered":"<p>Guayaquil.- En el marco del D\u00eda Internacional de la Lucha contra el Maltrato Infantil, que se conmemor\u00f3 el 25 de abril, el Consejo Cantonal de Protecci\u00f3n Integral de Derechos de Guayaquil (CCPIDG) reafirm\u00f3 su compromiso con la garant\u00eda y restituci\u00f3n de derechos de ni\u00f1as, ni\u00f1os y adolescentes.<\/p>\n<p>Durante la actual administraci\u00f3n, la atenci\u00f3n a la ni\u00f1ez se ha posicionado como una prioridad. Por primera vez, la ciudad cuenta con tres Juntas Cantonales de Protecci\u00f3n de Derechos en funcionamiento y, para 2026, se proyecta la apertura de dos nuevas sedes, lo que permitir\u00e1 alcanzar un total de cinco puntos de atenci\u00f3n distribuidos estrat\u00e9gicamente en distintos sectores para facilitar el acceso de la ciudadan\u00eda.<\/p>\n<p>Este avance no solo ampl\u00eda la cobertura, sino que responde a un proceso de fortalecimiento institucional, que incluye la implementaci\u00f3n de un modelo de gesti\u00f3n y una pol\u00edtica de salvaguarda que refuerzan los est\u00e1ndares de atenci\u00f3n y prevenci\u00f3n de riesgos.<\/p>\n<p>Desde 2023, las Juntas Cantonales han otorgado aproximadamente 8.221 medidas de protecci\u00f3n a favor de ni\u00f1as, ni\u00f1os y adolescentes. Del an\u00e1lisis de 2.832 denuncias procesadas entre 2023 y el primer semestre de 2025, se evidencia que el 69,8 % de las v\u00edctimas son menores de 12 a\u00f1os y que el 79 % de los casos involucra directamente a los progenitores como presuntos agresores.<\/p>\n<p>La negligencia constituye la forma de afectaci\u00f3n m\u00e1s recurrente, entendida como la falta de cuidados b\u00e1sicos, como alimentaci\u00f3n, salud, supervisi\u00f3n o condiciones seguras para el desarrollo integral.<\/p>\n<p>Paralelamente, el CCPIDG avanza en la actualizaci\u00f3n de la Ruta de Protecci\u00f3n de la Ni\u00f1ez y Adolescencia, una herramienta que permitir\u00e1 a la ciudadan\u00eda y a las instituciones conocer con claridad c\u00f3mo actuar y a d\u00f3nde acudir ante situaciones de vulneraci\u00f3n de derechos.<\/p>\n<p>Con estas acciones, el Municipio de Guayaquil consolida un sistema de protecci\u00f3n m\u00e1s cercano, articulado y con mayor capacidad de respuesta para proteger a la ni\u00f1ez y adolescencia.<\/p>\n","protected":false},"excerpt":{"rendered":"<p>Guayaquil.- En el marco del D\u00eda Internacional de la Lucha contra el Maltrato Infantil, que se conmemor\u00f3 el 25 de abril, el Consejo Cantonal de Protecci\u00f3n Integral de Derechos de Guayaquil (CCPIDG) reafirm\u00f3 su compromiso con la garant\u00eda y restituci\u00f3n de derechos de ni\u00f1as, ni\u00f1os y adolescentes. Durante la actual administraci\u00f3n, la atenci\u00f3n a la [&hellip;]<\/p>\n","protected":false},"author":2,"featured_media":51326,"comment_status":"open","ping_status":"closed","sticky":false,"template":"","format":"standard","meta":{"_jetpack_memberships_contains_paid_content":false,"footnotes":""},"categories":[33,13],"tags":[3653,8468],"class_list":["post-51325","post","type-post","status-publish","format-standard","has-post-thumbnail","hentry","category-guayaquil","category-noticias-nacionales","tag-consejo-cantonal-de-proteccion-integral-de-derechos-de-guayaquil","tag-dia-internacional-de-la-lucha-contra-el-maltrato-infantil"],"jetpack_featured_media_url":"https:\/\/radiocresatelital.com\/wp-content\/uploads\/2026\/04\/NUEVA-SEDE-JUNTA-CANTONAL-1.jpeg","jetpack_sharing_enabled":true,"_links":{"self":[{"href":"https:\/\/radiocresatelital.com\/index.php?rest_route=\/wp\/v2\/posts\/51325","targetHints":{"allow":["GET"]}}],"collection":[{"href":"https:\/\/radiocresatelital.com\/index.php?rest_route=\/wp\/v2\/posts"}],"about":[{"href":"https:\/\/radiocresatelital.com\/index.php?rest_route=\/wp\/v2\/types\/post"}],"author":[{"embeddable":true,"href":"https:\/\/radiocresatelital.com\/index.php?rest_route=\/wp\/v2\/users\/2"}],"replies":[{"embeddable":true,"href":"https:\/\/radiocresatelital.com\/index.php?rest_route=%2Fwp%2Fv2%2Fcomments&post=51325"}],"version-history":[{"count":1,"href":"https:\/\/radiocresatelital.com\/index.php?rest_route=\/wp\/v2\/posts\/51325\/revisions"}],"predecessor-version":[{"id":51327,"href":"https:\/\/radiocresatelital.com\/index.php?rest_route=\/wp\/v2\/posts\/51325\/revisions\/51327"}],"wp:featuredmedia":[{"embeddable":true,"href":"https:\/\/radiocresatelital.com\/index.php?rest_route=\/wp\/v2\/media\/51326"}],"wp:attachment":[{"href":"https:\/\/radiocresatelital.com\/index.php?rest_route=%2Fwp%2Fv2%2Fmedia&parent=51325"}],"wp:term":[{"taxonomy":"category","embeddable":true,"href":"https:\/\/radiocresatelital.com\/index.php?rest_route=%2Fwp%2Fv2%2Fcategories&post=51325"},{"taxonomy":"post_tag","embeddable":true,"href":"https:\/\/radiocresatelital.com\/index.php?rest_route=%2Fwp%2Fv2%2Ftags&post=51325"}],"curies":[{"name":"wp","href":"https:\/\/api.w.org\/{rel}","templated":true}]}}