{"id":51319,"date":"2026-04-27T18:15:18","date_gmt":"2026-04-27T18:15:18","guid":{"rendered":"https:\/\/radiocresatelital.com\/?p=51319"},"modified":"2026-04-27T18:15:30","modified_gmt":"2026-04-27T18:15:30","slug":"gobierno-del-presidente-daniel-noboa-impulsa-la-oferta-turistica-a-traves-del-catalogo-de-experiencias-del-tejido-de-paja-toquilla","status":"publish","type":"post","link":"https:\/\/radiocresatelital.com\/?p=51319","title":{"rendered":"Gobierno del Presidente Daniel Noboa impulsa la oferta tur\u00edstica a trav\u00e9s del cat\u00e1logo de experiencias del tejido de paja toquilla"},"content":{"rendered":"<p>El Ministerio de Producci\u00f3n, Comercio Exterior e Inversiones present\u00f3 oficialmente el Cat\u00e1logo de Experiencias Tur\u00edsticas del Tejido de Paja Toquilla, una propuesta que incorpora nuevas rutas y vivencias tur\u00edsticas alrededor de uno de los patrimonios culturales m\u00e1s representativos del pa\u00eds, conectando a visitantes con comunidades artesanas, museos y talleres especializados.<\/p>\n<p>El cat\u00e1logo re\u00fane experiencias en Manab\u00ed, Santa Elena, Ca\u00f1ar, Azuay y Gal\u00e1pagos, donde turistas nacionales e internacionales podr\u00e1n conocer de cerca el proceso de elaboraci\u00f3n de productos de paja toquilla, participar en talleres vivenciales y adquirir piezas elaboradas directamente por artesanos locales, e incluso conocer los toquillales en la comuna Barcelona.<\/p>\n<p>Esta oferta tur\u00edstica \u00a0incluye recorridos en destinos emblem\u00e1ticos como Montecristi, reconocido mundialmente por la elaboraci\u00f3n de sombreros finos; experiencias en Picoaz\u00e1, Portoviejo, donde los visitantes pueden observar el tejido en vivo y participar en procesos guiados por artesanas; rutas comunitarias en Santa Elena y Dos Mangas; as\u00ed como experiencias culturales en Bibli\u00e1n, Azogues, D\u00e9leg, Gualaceo y Chordeleg, donde asociaciones locales han convertido su conocimiento ancestral en una propuesta tur\u00edstica con valor agregado.<\/p>\n<p>Entre las experiencias destacadas tambi\u00e9n constan visitas a museos y asociaciones de mujeres toquilleras dedicadas a preservar esta tradici\u00f3n; la experiencia comunitaria de Bacpancel, en Gualaceo; y la visita al taller artesanal en Gal\u00e1pagos, donde los turistas pueden incluso elaborar su propia pieza como parte de la experiencia.<\/p>\n<p>Durante el lanzamiento, autoridades del sector tur\u00edstico destacaron que esta iniciativa responde a una tendencia global en la que los viajeros buscan experiencias aut\u00e9nticas, sostenibles y con conexi\u00f3n directa con las comunidades locales.<\/p>\n<p>El cat\u00e1logo organiza una oferta que ya exist\u00eda en territorio, pero que ahora se articula gracias al impulso del Gobierno Nacional para facilitar su comercializaci\u00f3n, fortalecer el turismo cultural y generar mayores oportunidades econ\u00f3micas para artesanos y comunidades, adem\u00e1s refuerza el compromiso del Estado con la salvaguardia y promoci\u00f3n del tejido de paja toquilla como s\u00edmbolo de identidad y desarrollo territorial.<\/p>\n<p>Con esta iniciativa, Ecuador contin\u00faa diversificando su oferta tur\u00edstica a trav\u00e9s de experiencias que ponen en valor su patrimonio cultural, fortalecen las econom\u00edas locales y proyectan al pa\u00eds como un destino aut\u00e9ntico y sostenible ante el mundo.<\/p>\n","protected":false},"excerpt":{"rendered":"<p>El Ministerio de Producci\u00f3n, Comercio Exterior e Inversiones present\u00f3 oficialmente el Cat\u00e1logo de Experiencias Tur\u00edsticas del Tejido de Paja Toquilla, una propuesta que incorpora nuevas rutas y vivencias tur\u00edsticas alrededor de uno de los patrimonios culturales m\u00e1s representativos del pa\u00eds, conectando a visitantes con comunidades artesanas, museos y talleres especializados. El cat\u00e1logo re\u00fane experiencias en [&hellip;]<\/p>\n","protected":false},"author":2,"featured_media":51320,"comment_status":"open","ping_status":"closed","sticky":false,"template":"","format":"standard","meta":{"_jetpack_memberships_contains_paid_content":false,"footnotes":""},"categories":[13],"tags":[1322],"class_list":["post-51319","post","type-post","status-publish","format-standard","has-post-thumbnail","hentry","category-noticias-nacionales","tag-presidente-daniel-noboa"],"jetpack_featured_media_url":"https:\/\/radiocresatelital.com\/wp-content\/uploads\/2026\/04\/C5D_8516.jpg-scaled.jpeg","jetpack_sharing_enabled":true,"_links":{"self":[{"href":"https:\/\/radiocresatelital.com\/index.php?rest_route=\/wp\/v2\/posts\/51319","targetHints":{"allow":["GET"]}}],"collection":[{"href":"https:\/\/radiocresatelital.com\/index.php?rest_route=\/wp\/v2\/posts"}],"about":[{"href":"https:\/\/radiocresatelital.com\/index.php?rest_route=\/wp\/v2\/types\/post"}],"author":[{"embeddable":true,"href":"https:\/\/radiocresatelital.com\/index.php?rest_route=\/wp\/v2\/users\/2"}],"replies":[{"embeddable":true,"href":"https:\/\/radiocresatelital.com\/index.php?rest_route=%2Fwp%2Fv2%2Fcomments&post=51319"}],"version-history":[{"count":1,"href":"https:\/\/radiocresatelital.com\/index.php?rest_route=\/wp\/v2\/posts\/51319\/revisions"}],"predecessor-version":[{"id":51321,"href":"https:\/\/radiocresatelital.com\/index.php?rest_route=\/wp\/v2\/posts\/51319\/revisions\/51321"}],"wp:featuredmedia":[{"embeddable":true,"href":"https:\/\/radiocresatelital.com\/index.php?rest_route=\/wp\/v2\/media\/51320"}],"wp:attachment":[{"href":"https:\/\/radiocresatelital.com\/index.php?rest_route=%2Fwp%2Fv2%2Fmedia&parent=51319"}],"wp:term":[{"taxonomy":"category","embeddable":true,"href":"https:\/\/radiocresatelital.com\/index.php?rest_route=%2Fwp%2Fv2%2Fcategories&post=51319"},{"taxonomy":"post_tag","embeddable":true,"href":"https:\/\/radiocresatelital.com\/index.php?rest_route=%2Fwp%2Fv2%2Ftags&post=51319"}],"curies":[{"name":"wp","href":"https:\/\/api.w.org\/{rel}","templated":true}]}}