{"id":51180,"date":"2026-04-16T18:09:53","date_gmt":"2026-04-16T18:09:53","guid":{"rendered":"https:\/\/radiocresatelital.com\/?p=51180"},"modified":"2026-04-16T21:12:18","modified_gmt":"2026-04-16T21:12:18","slug":"musical-sobre-luis-noboa-naranjo-llega-a-quito-con-causa-social-en-beneficio-de-la-educacion-publica","status":"publish","type":"post","link":"https:\/\/radiocresatelital.com\/?p=51180","title":{"rendered":"Musical sobre Luis Noboa Naranjo llega a Quito con causa social en beneficio de la educaci\u00f3n p\u00fablica"},"content":{"rendered":"<p>Quito.\u2013 Luego de una destacada acogida en Guayaquil, \u201cLuis Noboa Naranjo: El Musical\u201d llega por primera vez a Quito con una propuesta esc\u00e9nica que trasciende el entretenimiento para convertirse en un aporte cultural y social de alto impacto. La obra se presentar\u00e1 en \u2018El Teatro\u2019 de Scala Shopping, el 29 y 30 de mayo a las 19h00 locales (00h00 GMT) y el 31 de mayo a las 18h00 locales (23h00 GMT), convocando a la ciudadan\u00eda a conocer una historia que inspira y, al mismo tiempo, contribuye a un fin social de inter\u00e9s nacional como es la educaci\u00f3n p\u00fablica.<\/p>\n<p>Basada en el libro \u201cPerfil de un triunfador\u201d escrito por Isabel Noboa Pont\u00f3n, l\u00edder empresarial con mayor reputaci\u00f3n en Ecuador por m\u00e1s de una d\u00e9cada, la obra recorre la vida de Luis Noboa Naranjo: desde una infancia marcada por adversidades econ\u00f3micas hasta convertirse en uno de los empresarios m\u00e1s influyentes del pa\u00eds a trav\u00e9s del sector de agroexportaci\u00f3n.<\/p>\n<p>A Luis Noboa Naranjo se lo reconoce por su visi\u00f3n empresarial y su impacto decisivo en la econom\u00eda ecuatoriana. Lleg\u00f3 a convertirse en el principal exportador de banano del pa\u00eds, aportando cerca del 5% al Producto Interno Bruto (PIB) nacional y generando empleo para m\u00e1s de 100.000 personas en el pa\u00eds a lo largo de su trayectoria.<\/p>\n<p>\u201cHablar de Luis Noboa Naranjo es hablar de un legado que transform\u00f3 al Ecuador. M\u00e1s all\u00e1 de las cifras, su historia representa la fuerza de los sue\u00f1os, la disciplina y la convicci\u00f3n de que es posible construir futuro incluso en los contextos m\u00e1s adversos. Su vida es, ante todo, una inspiraci\u00f3n permanente para quienes creemos en el trabajo y la innovaci\u00f3n como camino hacia el desarrollo sostenible de nuestro pa\u00eds\u201d, se\u00f1ala Isabel Noboa.<\/p>\n<p>Con m\u00fasica, letra y libreto de Luis Padilla Guevara y bajo la direcci\u00f3n de Jos\u00e9 Miguel Salem, el musical re\u00fane a m\u00e1s de 26 artistas en escena \u2014entre actores, cantantes y bailarines\u2014 que dan vida a una narrativa cargada de emoci\u00f3n, resiliencia y visi\u00f3n de futuro. A trav\u00e9s de escenas din\u00e1micas, canciones originales y una puesta en escena de alto nivel, la obra transmite valores universales como el esfuerzo, la perseverancia y el compromiso con el pa\u00eds.<\/p>\n<p>Luis Padilla Guevara explica que crear este musical fue un ejercicio profundamente humano. \u201cM\u00e1s que contar la historia de un gran empresario, buscamos traducir en m\u00fasica y escena la esencia de un hombre que entendi\u00f3 el valor del esfuerzo y la resiliencia. Cada canci\u00f3n, cada di\u00e1logo y cada momento en el escenario est\u00e1n pensados para conectar con el p\u00fablico desde la emoci\u00f3n, pero tambi\u00e9n desde la reflexi\u00f3n: recordar que las grandes historias nacen de la voluntad y la determinaci\u00f3n\u201d.<\/p>\n<p><strong>Una obra con prop\u00f3sito social: educaci\u00f3n p\u00fablica para transformar el pa\u00eds<\/strong><\/p>\n<p>M\u00e1s all\u00e1 de su valor art\u00edstico y cultural, este musical tiene un profundo prop\u00f3sito social. Los fondos recaudados ser\u00e1n destinados a la Fundaci\u00f3n Unidos por la Educaci\u00f3n, una organizaci\u00f3n que trabaja por transformar el sistema educativo fiscal del Ecuador mediante la articulaci\u00f3n entre sociedad civil, empresa privada y sector p\u00fablico. Su labor se enfoca en impulsar una educaci\u00f3n de calidad y mejorar la infraestructura de los centros educativos, generando oportunidades reales para miles de ni\u00f1as, ni\u00f1os y j\u00f3venes en el pa\u00eds.<\/p>\n<p>\u201cLuis Noboa Naranjo: El Musical\u201d se convierte en un ejemplo de c\u00f3mo el arte puede inspirar, educar y transformar realidades.<\/p>\n","protected":false},"excerpt":{"rendered":"<p>Quito.\u2013 Luego de una destacada acogida en Guayaquil, \u201cLuis Noboa Naranjo: El Musical\u201d llega por primera vez a Quito con una propuesta esc\u00e9nica que trasciende el entretenimiento para convertirse en un aporte cultural y social de alto impacto. La obra se presentar\u00e1 en \u2018El Teatro\u2019 de Scala Shopping, el 29 y 30 de mayo a [&hellip;]<\/p>\n","protected":false},"author":2,"featured_media":51181,"comment_status":"open","ping_status":"closed","sticky":false,"template":"","format":"standard","meta":{"_jetpack_memberships_contains_paid_content":false,"footnotes":""},"categories":[550],"tags":[8448],"class_list":["post-51180","post","type-post","status-publish","format-standard","has-post-thumbnail","hentry","category-espectaculo","tag-el-teatro-de-scala-shopping"],"jetpack_featured_media_url":"https:\/\/radiocresatelital.com\/wp-content\/uploads\/2026\/04\/musical-LNN-GYE-2025_1.jpg-scaled.jpeg","jetpack_sharing_enabled":true,"_links":{"self":[{"href":"https:\/\/radiocresatelital.com\/index.php?rest_route=\/wp\/v2\/posts\/51180","targetHints":{"allow":["GET"]}}],"collection":[{"href":"https:\/\/radiocresatelital.com\/index.php?rest_route=\/wp\/v2\/posts"}],"about":[{"href":"https:\/\/radiocresatelital.com\/index.php?rest_route=\/wp\/v2\/types\/post"}],"author":[{"embeddable":true,"href":"https:\/\/radiocresatelital.com\/index.php?rest_route=\/wp\/v2\/users\/2"}],"replies":[{"embeddable":true,"href":"https:\/\/radiocresatelital.com\/index.php?rest_route=%2Fwp%2Fv2%2Fcomments&post=51180"}],"version-history":[{"count":1,"href":"https:\/\/radiocresatelital.com\/index.php?rest_route=\/wp\/v2\/posts\/51180\/revisions"}],"predecessor-version":[{"id":51182,"href":"https:\/\/radiocresatelital.com\/index.php?rest_route=\/wp\/v2\/posts\/51180\/revisions\/51182"}],"wp:featuredmedia":[{"embeddable":true,"href":"https:\/\/radiocresatelital.com\/index.php?rest_route=\/wp\/v2\/media\/51181"}],"wp:attachment":[{"href":"https:\/\/radiocresatelital.com\/index.php?rest_route=%2Fwp%2Fv2%2Fmedia&parent=51180"}],"wp:term":[{"taxonomy":"category","embeddable":true,"href":"https:\/\/radiocresatelital.com\/index.php?rest_route=%2Fwp%2Fv2%2Fcategories&post=51180"},{"taxonomy":"post_tag","embeddable":true,"href":"https:\/\/radiocresatelital.com\/index.php?rest_route=%2Fwp%2Fv2%2Ftags&post=51180"}],"curies":[{"name":"wp","href":"https:\/\/api.w.org\/{rel}","templated":true}]}}