{"id":50678,"date":"2026-04-09T18:04:04","date_gmt":"2026-04-09T18:04:04","guid":{"rendered":"https:\/\/radiocresatelital.com\/?p=50678"},"modified":"2026-04-09T21:05:23","modified_gmt":"2026-04-09T21:05:23","slug":"bienestar-dental-y-bienestar-general-la-conexion-que-la-mayoria-subestima","status":"publish","type":"post","link":"https:\/\/radiocresatelital.com\/?p=50678","title":{"rendered":"Bienestar dental y bienestar general: la conexi\u00f3n que la mayor\u00eda subestima"},"content":{"rendered":"<p>Quito.- Durante mucho tiempo, el bienestar dental ha sido percibido principalmente como un aspecto est\u00e9tico o limitado al cuidado de la boca. Sin embargo, la evidencia cient\u00edfica actual demuestra que la cavidad oral puede ofrecer se\u00f1ales importantes sobre el estado general del organismo y su equilibrio.<\/p>\n<p>De acuerdo con la Organizaci\u00f3n Mundial de la Salud (OMS, 2024), las enfermedades bucales afectan aproximadamente a 3.500 millones de personas en el mundo, lo que las convierte en uno de los problemas de bienestar m\u00e1s extendidos a nivel global. Adem\u00e1s, la caries dental no tratada es considerada la enfermedad m\u00e1s com\u00fan del planeta. En la regi\u00f3n, la Organizaci\u00f3n Panamericana de la Salud (OPS, 2024) advierte que muchas enfermedades bucales comparten factores de riesgo con enfermedades cr\u00f3nicas como las enfermedades cardiovasculares o la diabetes.<\/p>\n<p>Diversos estudios tambi\u00e9n han identificado que las infecciones periodontales pueden generar procesos inflamatorios en el organismo. Cuando bacterias presentes en la cavidad oral ingresan al torrente sangu\u00edneo, pueden desencadenar respuestas inflamatorias que impactan otros \u00f3rganos del cuerpo, lo que ha sido asociado con enfermedades cardiovasculares y metab\u00f3licas (Botelho et al., 2025).<\/p>\n<p>En este contexto, especialistas destacan la importancia de reconocer se\u00f1ales tempranas que muchas veces pasan desapercibidas. Para profundizar en este tema, la Dra. Mar\u00eda Mercedes Gan\u00e1n, Directora de Inteligencia Cl\u00ednica de Ecuasanitas, explica c\u00f3mo ciertos s\u00edntomas dentales pueden ser indicadores de problemas m\u00e1s amplios de bienestar.\u201cMuchas veces normalizamos se\u00f1ales como el mal aliento o el sangrado de las enc\u00edas, cuando en realidad pueden ser manifestaciones tempranas de enfermedades periodontales o de otros problemas que afectan el bienestar general. El bienestar dental debe entenderse como una puerta de entrada para detectar riesgos y prevenir complicaciones mayores\u201d, se\u00f1ala Gan\u00e1n.<\/p>\n<p><strong>Se\u00f1ales dentales que no deber\u00edan ignorarse<\/strong><\/p>\n<p>Algunos s\u00edntomas en la cavidad oral pueden ser se\u00f1ales de alerta que requieren atenci\u00f3n profesional. Entre los m\u00e1s frecuentes se encuentran:<\/p>\n<ul>\n<li><strong>Mal aliento persistente (halitosis):<\/strong> muchas veces se normaliza en la vida cotidiana, pero puede estar asociado con enfermedades periodontales o acumulaci\u00f3n bacteriana. Estudios indican que <strong>entre el 80% y el 90% de los casos de halitosis tienen origen bucal<\/strong>.<\/li>\n<li><strong>Sangrado de enc\u00edas:<\/strong> uno de los primeros signos de gingivitis o enfermedad periodontal.<\/li>\n<li><strong>Sensibilidad dental constante:<\/strong> puede indicar desgaste del esmalte o problemas en las enc\u00edas.<\/li>\n<li><strong>Inflamaci\u00f3n o enrojecimiento de enc\u00edas:<\/strong> s\u00edntomas que pueden reflejar infecciones que requieren diagn\u00f3stico oportuno.<\/li>\n<\/ul>\n<p>De manera general el mecanismo que interviene es la inflamaci\u00f3n sist\u00e9mica y la transmisi\u00f3n de pat\u00f3genos desde la cavidad oral a otras, por lo que abordar la higiene bucal no solo es fundamental para el bienestar dental, sino que tambi\u00e9n desempe\u00f1a un papel importante en la reducci\u00f3n de la carga de las enfermedades cr\u00f3nicas.<\/p>\n<p>La evidencia cient\u00edfica tambi\u00e9n ha demostrado que tratar enfermedades periodontales puede contribuir a mejorar algunos indicadores de bienestar general, incluyendo el control de la glucosa en pacientes con diabetes y la reducci\u00f3n de ciertos marcadores inflamatorios.<\/p>\n<p>En l\u00ednea con esta visi\u00f3n de bienestar integral, <strong>Ecuasanitas<\/strong> impulsa <strong>Dental Sanitas<\/strong>, un servicio orientado a promover el cuidado odontol\u00f3gico como parte del bienestar general y facilitar el acceso a consultas y tratamientos especializados.<\/p>\n","protected":false},"excerpt":{"rendered":"<p>Quito.- Durante mucho tiempo, el bienestar dental ha sido percibido principalmente como un aspecto est\u00e9tico o limitado al cuidado de la boca. Sin embargo, la evidencia cient\u00edfica actual demuestra que la cavidad oral puede ofrecer se\u00f1ales importantes sobre el estado general del organismo y su equilibrio. De acuerdo con la Organizaci\u00f3n Mundial de la Salud [&hellip;]<\/p>\n","protected":false},"author":2,"featured_media":50679,"comment_status":"open","ping_status":"closed","sticky":false,"template":"","format":"standard","meta":{"_jetpack_memberships_contains_paid_content":false,"footnotes":""},"categories":[1023],"tags":[5687],"class_list":["post-50678","post","type-post","status-publish","format-standard","has-post-thumbnail","hentry","category-salud","tag-ecuasanitas"],"jetpack_featured_media_url":"https:\/\/radiocresatelital.com\/wp-content\/uploads\/2026\/04\/WhatsApp-Image-2026-04-08-at-17.22.24.jpeg","jetpack_sharing_enabled":true,"_links":{"self":[{"href":"https:\/\/radiocresatelital.com\/index.php?rest_route=\/wp\/v2\/posts\/50678","targetHints":{"allow":["GET"]}}],"collection":[{"href":"https:\/\/radiocresatelital.com\/index.php?rest_route=\/wp\/v2\/posts"}],"about":[{"href":"https:\/\/radiocresatelital.com\/index.php?rest_route=\/wp\/v2\/types\/post"}],"author":[{"embeddable":true,"href":"https:\/\/radiocresatelital.com\/index.php?rest_route=\/wp\/v2\/users\/2"}],"replies":[{"embeddable":true,"href":"https:\/\/radiocresatelital.com\/index.php?rest_route=%2Fwp%2Fv2%2Fcomments&post=50678"}],"version-history":[{"count":1,"href":"https:\/\/radiocresatelital.com\/index.php?rest_route=\/wp\/v2\/posts\/50678\/revisions"}],"predecessor-version":[{"id":50680,"href":"https:\/\/radiocresatelital.com\/index.php?rest_route=\/wp\/v2\/posts\/50678\/revisions\/50680"}],"wp:featuredmedia":[{"embeddable":true,"href":"https:\/\/radiocresatelital.com\/index.php?rest_route=\/wp\/v2\/media\/50679"}],"wp:attachment":[{"href":"https:\/\/radiocresatelital.com\/index.php?rest_route=%2Fwp%2Fv2%2Fmedia&parent=50678"}],"wp:term":[{"taxonomy":"category","embeddable":true,"href":"https:\/\/radiocresatelital.com\/index.php?rest_route=%2Fwp%2Fv2%2Fcategories&post=50678"},{"taxonomy":"post_tag","embeddable":true,"href":"https:\/\/radiocresatelital.com\/index.php?rest_route=%2Fwp%2Fv2%2Ftags&post=50678"}],"curies":[{"name":"wp","href":"https:\/\/api.w.org\/{rel}","templated":true}]}}