{"id":50607,"date":"2026-04-08T18:21:09","date_gmt":"2026-04-08T18:21:09","guid":{"rendered":"https:\/\/radiocresatelital.com\/?p=50607"},"modified":"2026-04-08T21:22:58","modified_gmt":"2026-04-08T21:22:58","slug":"el-futuro-de-la-salud-se-construye-con-un-sistema-articulado","status":"publish","type":"post","link":"https:\/\/radiocresatelital.com\/?p=50607","title":{"rendered":"El futuro de la salud se construye con un sistema articulado"},"content":{"rendered":"<p>Quito.- Garantizar la sostenibilidad del sistema de salud en Ecuador se ha convertido en un desaf\u00edo cada vez m\u00e1s relevante. La creciente demanda de servicios, sumada a factores como el aumento de enfermedades cr\u00f3nicas y las brechas en acceso, evidencian la necesidad de fortalecer la articulaci\u00f3n entre los distintos actores del sistema.<\/p>\n<p>En el pa\u00eds, una parte importante del gasto en salud a\u00fan recae directamente en las personas. De acuerdo con la Organizaci\u00f3n Panamericana de la Salud, en Am\u00e9rica Latina m\u00e1s del 30% del gasto en salud proviene del bolsillo de los usuarios, una realidad que tambi\u00e9n refleja los desaf\u00edos de acceso y cobertura en Ecuador.<\/p>\n<p>A esto se suma un contexto global en el que, seg\u00fan la Organizaci\u00f3n Mundial de la Salud, al menos la mitad de la poblaci\u00f3n no cuenta con acceso a servicios de salud esenciales, lo que refuerza la importancia de avanzar hacia sistemas m\u00e1s integrados y eficientes.<\/p>\n<p>Frente a este escenario, expertos coinciden en que la sostenibilidad del sistema de salud en Ecuador no depende de un solo sector, sino de la capacidad de articulaci\u00f3n entre lo p\u00fablico y lo privado. M\u00e1s que operar de forma independiente, ambos cumplen un rol complementario que permite optimizar recursos, ampliar la cobertura y mejorar la calidad de atenci\u00f3n.<\/p>\n<p>\u201cEn Ecuador, hablar de sostenibilidad en salud implica entender que es un esfuerzo conjunto. La articulaci\u00f3n entre el sector p\u00fablico y privado es clave para garantizar acceso, eficiencia y calidad en el tiempo\u201d, se\u00f1al\u00f3 Julio Tarr\u00e9, Gerente General de Plan Vital. En este contexto, avanzar hacia un sistema m\u00e1s equilibrado requiere fortalecer la coordinaci\u00f3n entre actores, impulsar modelos centrados en la prevenci\u00f3n y promover una gesti\u00f3n m\u00e1s eficiente de los recursos disponibles.<\/p>\n<p>Desde Plan Vital se promueve una visi\u00f3n en la que la colaboraci\u00f3n entre sectores permite responder de manera m\u00e1s efectiva a las necesidades de la poblaci\u00f3n, contribuyendo a la construcci\u00f3n de un sistema de salud m\u00e1s sostenible y accesible para todos.<\/p>\n","protected":false},"excerpt":{"rendered":"<p>Quito.- Garantizar la sostenibilidad del sistema de salud en Ecuador se ha convertido en un desaf\u00edo cada vez m\u00e1s relevante. La creciente demanda de servicios, sumada a factores como el aumento de enfermedades cr\u00f3nicas y las brechas en acceso, evidencian la necesidad de fortalecer la articulaci\u00f3n entre los distintos actores del sistema. En el pa\u00eds, [&hellip;]<\/p>\n","protected":false},"author":2,"featured_media":50608,"comment_status":"open","ping_status":"closed","sticky":false,"template":"","format":"standard","meta":{"_jetpack_memberships_contains_paid_content":false,"footnotes":""},"categories":[1023],"tags":[8357],"class_list":["post-50607","post","type-post","status-publish","format-standard","has-post-thumbnail","hentry","category-salud","tag-salud-en-ecuador"],"jetpack_featured_media_url":"https:\/\/radiocresatelital.com\/wp-content\/uploads\/2026\/04\/WhatsApp-Image-2026-04-07-at-09.25.26.jpeg","jetpack_sharing_enabled":true,"_links":{"self":[{"href":"https:\/\/radiocresatelital.com\/index.php?rest_route=\/wp\/v2\/posts\/50607","targetHints":{"allow":["GET"]}}],"collection":[{"href":"https:\/\/radiocresatelital.com\/index.php?rest_route=\/wp\/v2\/posts"}],"about":[{"href":"https:\/\/radiocresatelital.com\/index.php?rest_route=\/wp\/v2\/types\/post"}],"author":[{"embeddable":true,"href":"https:\/\/radiocresatelital.com\/index.php?rest_route=\/wp\/v2\/users\/2"}],"replies":[{"embeddable":true,"href":"https:\/\/radiocresatelital.com\/index.php?rest_route=%2Fwp%2Fv2%2Fcomments&post=50607"}],"version-history":[{"count":1,"href":"https:\/\/radiocresatelital.com\/index.php?rest_route=\/wp\/v2\/posts\/50607\/revisions"}],"predecessor-version":[{"id":50609,"href":"https:\/\/radiocresatelital.com\/index.php?rest_route=\/wp\/v2\/posts\/50607\/revisions\/50609"}],"wp:featuredmedia":[{"embeddable":true,"href":"https:\/\/radiocresatelital.com\/index.php?rest_route=\/wp\/v2\/media\/50608"}],"wp:attachment":[{"href":"https:\/\/radiocresatelital.com\/index.php?rest_route=%2Fwp%2Fv2%2Fmedia&parent=50607"}],"wp:term":[{"taxonomy":"category","embeddable":true,"href":"https:\/\/radiocresatelital.com\/index.php?rest_route=%2Fwp%2Fv2%2Fcategories&post=50607"},{"taxonomy":"post_tag","embeddable":true,"href":"https:\/\/radiocresatelital.com\/index.php?rest_route=%2Fwp%2Fv2%2Ftags&post=50607"}],"curies":[{"name":"wp","href":"https:\/\/api.w.org\/{rel}","templated":true}]}}