{"id":50579,"date":"2026-04-08T19:20:19","date_gmt":"2026-04-08T19:20:19","guid":{"rendered":"https:\/\/radiocresatelital.com\/?p=50579"},"modified":"2026-04-08T19:20:19","modified_gmt":"2026-04-08T19:20:19","slug":"gobierno-de-daniel-noboa-impulsa-a-manabi-con-la-entrega-de-insumos-agroproductivos-becas-y-oportunidades-de-estudio-superior-en-la-provincia","status":"publish","type":"post","link":"https:\/\/radiocresatelital.com\/?p=50579","title":{"rendered":"Gobierno de Daniel Noboa impulsa a Manab\u00ed con la entrega de insumos agroproductivos, becas y oportunidades de estudio superior en la provincia"},"content":{"rendered":"<p>Chone. \u201cManab\u00ed es una de las provincias con mayor producci\u00f3n del pa\u00eds. Aqu\u00ed hay de todo. Hay esfuerzo, hay producci\u00f3n y hay una econom\u00eda importante que impulsa el crecimiento del pa\u00eds\u201d, expres\u00f3 el Presidente de la Rep\u00fablica, Daniel Noboa Azin, este mi\u00e9rcoles 8 de abril, durante el acto de entrega de incentivos y herramientas de trabajo a peque\u00f1os y medianos productores de Chone. El prop\u00f3sito del Gobierno Nacional es incrementar y optimizar los procesos de producci\u00f3n y mejorar la calidad de vida los habitantes de esta zona.<\/p>\n<p>\u201cA Manab\u00ed queremos verla siempre fuerte, con todo su potencial productivo. Por eso no nos cansamos de volver con obras, insumos agr\u00edcolas y maquinaria\u201d, sostuvo el Primer Mandatario. Por ello, en esta ocasi\u00f3n se entregaron: 6 tractores, 1 ec\u00f3grafo, 250 t\u00edtulos de propiedad de predios rurales, 95 embriones, 80 carnets y sellos de la AFC, 180 pajuelas bovinas y 40 Becas Enam\u00f3rate del Agro.<\/p>\n<p>Al respecto, Juan Carlos Vega, ministro de Agricultura, Ganader\u00eda y Pesca manifest\u00f3 que: \u201cestos son insumos y herramientas que permiten al campo que siga creciendo\u201d.<\/p>\n<p>Mientras tanto, la agroproductora M\u00f3nica Loor Ormaza expres\u00f3: \u201cNosotros, d\u00eda a d\u00eda, ponemos el amor, la alegr\u00eda y la esperanza en cada una de las actividades que realizamos en el campo. Por eso agradezco la ayuda que nos est\u00e1n dando. No es solo maquinaria, sino la esperanza para alimentar a nuestro pa\u00eds\u201d.<\/p>\n<p>Durante este acto, el Gobierno Nacional a trav\u00e9s de la Secretar\u00eda de Gesti\u00f3n de Riesgos entreg\u00f3 100 kits humanitarios y, por otro lado, consolid\u00f3 un convenio marco de cooperaci\u00f3n interinstitucional entre la Universidad T\u00e9cnica de Manab\u00ed y el Ministerio de Agricultura, Ganader\u00eda y Pesca para para que los j\u00f3venes puedan estudiar y quedarse trabajando en su propia tierra.<\/p>\n<p>\u201cEstamos construyendo un pa\u00eds donde ustedes no est\u00e1n solos. Hoy tienen el apoyo de un gobierno presente, que viene a territorio, que los escucha y resuelve sus necesidades\u201d, resalt\u00f3 Daniel Noboa. Precisamente, su administraci\u00f3n ha entregado 27.000 becas en esta provincia y, en Chone, ha invertido USD 24 millones para el sistema hidrosanitario. Adicionalmente, trabaja en la construcci\u00f3n de la planta<br \/>\nde agua potable para Sucre, San Vicente y Tosagua.<\/p>\n<p>\u201cNosotros estamos cumpliendo y honrando con nuestra palabra y llegamos con l\u00edquido vital para que exista progreso, justicia y dignidad (\u2026). Sigamos trabajando juntos. Ustedes producen y nosotros respaldamos\u201d, concluy\u00f3 el presidente Noboa.<\/p>\n<p>El compromiso del Gobierno Nacional es claro: que el Estado sea un aliado del productor, no un obst\u00e1culo. Que el peque\u00f1o y mediano agricultor tenga acceso a tecnolog\u00eda, financiamiento y seguridad jur\u00eddica. Que quien trabaja la tierra tenga oportunidades reales de crecer.<\/p>\n","protected":false},"excerpt":{"rendered":"<p>Chone. \u201cManab\u00ed es una de las provincias con mayor producci\u00f3n del pa\u00eds. Aqu\u00ed hay de todo. Hay esfuerzo, hay producci\u00f3n y hay una econom\u00eda importante que impulsa el crecimiento del pa\u00eds\u201d, expres\u00f3 el Presidente de la Rep\u00fablica, Daniel Noboa Azin, este mi\u00e9rcoles 8 de abril, durante el acto de entrega de incentivos y herramientas de [&hellip;]<\/p>\n","protected":false},"author":2,"featured_media":40891,"comment_status":"open","ping_status":"closed","sticky":false,"template":"","format":"standard","meta":{"_jetpack_memberships_contains_paid_content":false,"footnotes":""},"categories":[13],"tags":[1322],"class_list":["post-50579","post","type-post","status-publish","format-standard","has-post-thumbnail","hentry","category-noticias-nacionales","tag-presidente-daniel-noboa"],"jetpack_featured_media_url":"https:\/\/radiocresatelital.com\/wp-content\/uploads\/2025\/11\/daniel-noboa-55-1024x683-1.jpg","jetpack_sharing_enabled":true,"_links":{"self":[{"href":"https:\/\/radiocresatelital.com\/index.php?rest_route=\/wp\/v2\/posts\/50579","targetHints":{"allow":["GET"]}}],"collection":[{"href":"https:\/\/radiocresatelital.com\/index.php?rest_route=\/wp\/v2\/posts"}],"about":[{"href":"https:\/\/radiocresatelital.com\/index.php?rest_route=\/wp\/v2\/types\/post"}],"author":[{"embeddable":true,"href":"https:\/\/radiocresatelital.com\/index.php?rest_route=\/wp\/v2\/users\/2"}],"replies":[{"embeddable":true,"href":"https:\/\/radiocresatelital.com\/index.php?rest_route=%2Fwp%2Fv2%2Fcomments&post=50579"}],"version-history":[{"count":1,"href":"https:\/\/radiocresatelital.com\/index.php?rest_route=\/wp\/v2\/posts\/50579\/revisions"}],"predecessor-version":[{"id":50580,"href":"https:\/\/radiocresatelital.com\/index.php?rest_route=\/wp\/v2\/posts\/50579\/revisions\/50580"}],"wp:featuredmedia":[{"embeddable":true,"href":"https:\/\/radiocresatelital.com\/index.php?rest_route=\/wp\/v2\/media\/40891"}],"wp:attachment":[{"href":"https:\/\/radiocresatelital.com\/index.php?rest_route=%2Fwp%2Fv2%2Fmedia&parent=50579"}],"wp:term":[{"taxonomy":"category","embeddable":true,"href":"https:\/\/radiocresatelital.com\/index.php?rest_route=%2Fwp%2Fv2%2Fcategories&post=50579"},{"taxonomy":"post_tag","embeddable":true,"href":"https:\/\/radiocresatelital.com\/index.php?rest_route=%2Fwp%2Fv2%2Ftags&post=50579"}],"curies":[{"name":"wp","href":"https:\/\/api.w.org\/{rel}","templated":true}]}}