{"id":50576,"date":"2026-04-08T18:57:35","date_gmt":"2026-04-08T18:57:35","guid":{"rendered":"https:\/\/radiocresatelital.com\/?p=50576"},"modified":"2026-04-08T18:57:35","modified_gmt":"2026-04-08T18:57:35","slug":"guayas-aprende-nueva-plataforma-de-prefectura-con-videoconferencia-para-crecimiento-profesional-de-adultos-formacion-de-ninos-y-adolescentes","status":"publish","type":"post","link":"https:\/\/radiocresatelital.com\/?p=50576","title":{"rendered":"Guayas Aprende: Nueva plataforma de Prefectura con videoconferencia para crecimiento profesional de adultos, formaci\u00f3n de ni\u00f1os y adolescentes"},"content":{"rendered":"<p>Guayaquil.- Este 8 de abril de 2026, la Prefectura del Guayas marca un hito en su estrategia de modernizaci\u00f3n tecnol\u00f3gica con el lanzamiento oficial del Campus Virtual Guayas Aprende. Esta nueva herramienta digital ha sido dise\u00f1ada para fortalecer las competencias de la comunidad, eliminando barreras de acceso y ofreciendo una formaci\u00f3n de calidad adaptada a las demandas actuales.<\/p>\n<p>Seg\u00fan destac\u00f3 Diego Aguirre, subdirector de educaci\u00f3n del Gobierno Provincial, esta iniciativa obedece a una metodolog\u00eda 100% virtual pensada para que todos los guayasenses puedan aprovechar el tiempo libre para formarse en \u00e1reas de alta relevancia t\u00e9cnica.<\/p>\n<p>La plataforma se destaca por ser un entorno responsive e intuitivo que integra herramientas de Microsoft, como videoconferencias y mensajer\u00eda, permitiendo que todo el proceso educativo ocurra en un solo lugar virtual. \u00abCada usuario que ingrese va a aprovechar esta estructura tecnol\u00f3gica que hemos montado para que los cursos sean mucho m\u00e1s f\u00e1ciles de llevar\u00bb, explic\u00f3 Aguirre, enfatizando que el sistema se adapta y solo requiere una conexi\u00f3n a internet desde cualquier dispositivo m\u00f3vil o de escritorio.<\/p>\n<p>A partir del lanzamiento, se habilita el proceso de inscripci\u00f3n para los cursos, los cuales est\u00e1n dirigidos a la ciudadan\u00eda en general y tendr\u00e1n una duraci\u00f3n de un mes. El registro se realizar\u00e1 exclusivamente a trav\u00e9s del portal oficial: www.guayasaprende.edu.ec.<\/p>\n<p>Las clases iniciar\u00e1n el pr\u00f3ximo 13 de abril y concluir\u00e1n el 30 del mismo mes. Est\u00e1n dise\u00f1adas para que j\u00f3venes y adultos, e incluso ni\u00f1os, aprovechen el periodo de vacaciones con capacitaciones en \u00e1reas t\u00e9cnicas y creativas, tales como:<\/p>\n<p>\u25cf Excel B\u00e1sico e Intermedio.<br \/>\n\u25cf Dise\u00f1o Digital y Vectorial.<br \/>\n\u25cf Contenido Digital M\u00f3vil y Gesti\u00f3n Digital.<br \/>\n\u25cf Rob\u00f3tica Computacional Inicial y Programaci\u00f3n.<br \/>\n\u25cf Web desde Cero y Peque\u00f1os Grandes Lectores.<\/p>\n<p>Un beneficio fundamental de este nuevo modelo es la entrega de certificados avalados por la Prefectura del Guayas. Los estudiantes podr\u00e1n recibir su acreditaci\u00f3n de forma inmediata y en tiempo real una vez que cumplan con los requisitos de aprobaci\u00f3n de cada curso.<\/p>\n<p>Con la implementaci\u00f3n de esta infraestructura tecnol\u00f3gica, la Prefectura proyecta un crecimiento significativo en su impacto social. Actualmente, la instituci\u00f3n registra un promedio de 3.500 usuarios mensuales, cifra que se espera elevar a 5.000 beneficiarios gracias a las facilidades y mayor capacidad de la nueva plataforma. A trav\u00e9s de esta visi\u00f3n estrat\u00e9gica, la instituci\u00f3n no solo impulsa la inclusi\u00f3n tecnol\u00f3gica en la provincia, sino que consolida un modelo educativo que contribuye directamente al bienestar y desarrollo profesional de los guayasenses.<\/p>\n","protected":false},"excerpt":{"rendered":"<p>Guayaquil.- Este 8 de abril de 2026, la Prefectura del Guayas marca un hito en su estrategia de modernizaci\u00f3n tecnol\u00f3gica con el lanzamiento oficial del Campus Virtual Guayas Aprende. Esta nueva herramienta digital ha sido dise\u00f1ada para fortalecer las competencias de la comunidad, eliminando barreras de acceso y ofreciendo una formaci\u00f3n de calidad adaptada a [&hellip;]<\/p>\n","protected":false},"author":2,"featured_media":50577,"comment_status":"open","ping_status":"closed","sticky":false,"template":"","format":"standard","meta":{"_jetpack_memberships_contains_paid_content":false,"footnotes":""},"categories":[13],"tags":[8349,6370],"class_list":["post-50576","post","type-post","status-publish","format-standard","has-post-thumbnail","hentry","category-noticias-nacionales","tag-campus-virtual-guayas-aprende","tag-prefectura-del-guayas"],"jetpack_featured_media_url":"https:\/\/radiocresatelital.com\/wp-content\/uploads\/2026\/04\/WhatsApp-Image-2026-04-08-at-13.31.32.jpeg","jetpack_sharing_enabled":true,"_links":{"self":[{"href":"https:\/\/radiocresatelital.com\/index.php?rest_route=\/wp\/v2\/posts\/50576","targetHints":{"allow":["GET"]}}],"collection":[{"href":"https:\/\/radiocresatelital.com\/index.php?rest_route=\/wp\/v2\/posts"}],"about":[{"href":"https:\/\/radiocresatelital.com\/index.php?rest_route=\/wp\/v2\/types\/post"}],"author":[{"embeddable":true,"href":"https:\/\/radiocresatelital.com\/index.php?rest_route=\/wp\/v2\/users\/2"}],"replies":[{"embeddable":true,"href":"https:\/\/radiocresatelital.com\/index.php?rest_route=%2Fwp%2Fv2%2Fcomments&post=50576"}],"version-history":[{"count":1,"href":"https:\/\/radiocresatelital.com\/index.php?rest_route=\/wp\/v2\/posts\/50576\/revisions"}],"predecessor-version":[{"id":50578,"href":"https:\/\/radiocresatelital.com\/index.php?rest_route=\/wp\/v2\/posts\/50576\/revisions\/50578"}],"wp:featuredmedia":[{"embeddable":true,"href":"https:\/\/radiocresatelital.com\/index.php?rest_route=\/wp\/v2\/media\/50577"}],"wp:attachment":[{"href":"https:\/\/radiocresatelital.com\/index.php?rest_route=%2Fwp%2Fv2%2Fmedia&parent=50576"}],"wp:term":[{"taxonomy":"category","embeddable":true,"href":"https:\/\/radiocresatelital.com\/index.php?rest_route=%2Fwp%2Fv2%2Fcategories&post=50576"},{"taxonomy":"post_tag","embeddable":true,"href":"https:\/\/radiocresatelital.com\/index.php?rest_route=%2Fwp%2Fv2%2Ftags&post=50576"}],"curies":[{"name":"wp","href":"https:\/\/api.w.org\/{rel}","templated":true}]}}