{"id":50532,"date":"2026-04-07T18:12:01","date_gmt":"2026-04-07T18:12:01","guid":{"rendered":"https:\/\/radiocresatelital.com\/?p=50532"},"modified":"2026-04-07T21:14:53","modified_gmt":"2026-04-07T21:14:53","slug":"dia-mundial-de-la-salud-el-acceso-oportuno-es-clave-para-mejorar-la-calidad-de-vida","status":"publish","type":"post","link":"https:\/\/radiocresatelital.com\/?p=50532","title":{"rendered":"D\u00eda Mundial de la Salud: el acceso oportuno es clave para mejorar la calidad de vida"},"content":{"rendered":"<p>Quito.- Cada 7 de abril se conmemora el D\u00eda Mundial de la Salud, una fecha que marca el aniversario de la fundaci\u00f3n de la Organizaci\u00f3n Mundial de la Salud (OMS) en 1948<em><sup>2<\/sup><\/em>. Este d\u00eda no solo celebra los avances de la medicina moderna, sino que funciona como un llamado urgente para reflexionar sobre los desaf\u00edos sanitarios que enfrentan los pa\u00edses y promover acciones que permitan mejorar el bienestar y la calidad de vida de las personas.<strong>\u00a0<\/strong><\/p>\n<p>Al respecto, la salud es reconocida como un derecho fundamental; sin embargo, las disparidades globales persisten. La OMS estima que millones de personas se ven empujadas a la pobreza cada a\u00f1o debido a los gastos directos de salud. En este sentido, el enfoque de la salud preventiva se vuelve vital para la sostenibilidad de los sistemas p\u00fablicos.<\/p>\n<p>Actualmente, el gasto directo en atenci\u00f3n de salud contin\u00faa generando dificultades econ\u00f3micas crecientes para las familias. Seg\u00fan los datos disponibles, m\u00e1s de mil millones de personas, alrededor del 14% de la poblaci\u00f3n mundial, debe destinar al menos el 10% de su presupuesto familiar para cubrir servicios m\u00e9dicos, un nivel considerado econ\u00f3micamente catastr\u00f3fico.<\/p>\n<p>Esto ha provocado que unos 1300 millones de individuos caigan en la pobreza o vean deteriorada su situaci\u00f3n, incluyendo a 300 millones que ya viv\u00edan en pobreza extrema. Estas presiones econ\u00f3micas obligan a muchos hogares a escoger entre costear una consulta m\u00e9dica, comprar alimentos, acceder a agua segura o enviar a sus hijos a la escuela, decisiones que pueden retrasar el tratamiento oportuno de enfermedades prevenibles y derivar en desenlaces m\u00e1s graves.<\/p>\n<p><strong>Panorama Ecuador<\/strong><\/p>\n<p>Ecuador ha mostrado avances importantes en salud p\u00fablica: la esperanza de vida lleg\u00f3 a 77,6 a\u00f1os en 2024, mientras la mortalidad infantil se redujo casi a la mitad desde el a\u00f1o 2000. Al mismo tiempo, el pa\u00eds atraviesa cambios demogr\u00e1ficos acelerados, con un aumento de la poblaci\u00f3n mayor de 65 a\u00f1os y un 25,2% de personas en situaci\u00f3n de pobreza en 2022, lo que influye directamente en el acceso a servicios esenciales.<\/p>\n<p>En materia de financiamiento, los datos muestran que en 2024 el gasto de bolsillo \u2014es decir, los pagos directos que realizan las personas y familias para acceder a servicios m\u00e9dicos\u2014 alcanz\u00f3 el 33,4% % del gasto total en salud. Esta proporci\u00f3n sigue representando una carga significativa para los hogares.<\/p>\n<p><strong>Recomendaciones clave de la Organizaci\u00f3n Panamericana de la Salud (OPS) para fortalecer los sistemas de salud<\/strong><strong>\u00a0<\/strong><\/p>\n<p>La OPS se\u00f1ala acciones prioritarias para avanzar hacia sistemas de salud m\u00e1s resilientes:<\/p>\n<ul>\n<li>Fortalecer modelos de atenci\u00f3n integrales y equitativos.<\/li>\n<li>Integrar las Funciones Esenciales de Salud P\u00fablica (FESP) en la atenci\u00f3n Primaria de Salud.<\/li>\n<li>Impulsar el empoderamiento y la confianza de las comunidades.<\/li>\n<li>Promover pol\u00edticas multisectoriales con gobernanza innovadora.<\/li>\n<li>Asegurar financiamiento p\u00fablico sostenible y adaptable<sup>5<\/sup>.<\/li>\n<\/ul>\n<p>En este sentido, el D\u00eda Mundial de la Salud representa una oportunidad clave para reforzar la prevenci\u00f3n, promover la educaci\u00f3n sanitaria e impulsar el acceso equitativo a la atenci\u00f3n m\u00e9dica, todos ellos pilares fundamentales para proteger el bienestar integral.<\/p>\n","protected":false},"excerpt":{"rendered":"<p>Quito.- Cada 7 de abril se conmemora el D\u00eda Mundial de la Salud, una fecha que marca el aniversario de la fundaci\u00f3n de la Organizaci\u00f3n Mundial de la Salud (OMS) en 19482. Este d\u00eda no solo celebra los avances de la medicina moderna, sino que funciona como un llamado urgente para reflexionar sobre los desaf\u00edos [&hellip;]<\/p>\n","protected":false},"author":2,"featured_media":50533,"comment_status":"open","ping_status":"closed","sticky":false,"template":"","format":"standard","meta":{"_jetpack_memberships_contains_paid_content":false,"footnotes":""},"categories":[1023],"tags":[2141],"class_list":["post-50532","post","type-post","status-publish","format-standard","has-post-thumbnail","hentry","category-salud","tag-dia-mundial-de-la-salud"],"jetpack_featured_media_url":"https:\/\/radiocresatelital.com\/wp-content\/uploads\/2026\/04\/dia-de-la-salud.jpg.jpeg","jetpack_sharing_enabled":true,"_links":{"self":[{"href":"https:\/\/radiocresatelital.com\/index.php?rest_route=\/wp\/v2\/posts\/50532","targetHints":{"allow":["GET"]}}],"collection":[{"href":"https:\/\/radiocresatelital.com\/index.php?rest_route=\/wp\/v2\/posts"}],"about":[{"href":"https:\/\/radiocresatelital.com\/index.php?rest_route=\/wp\/v2\/types\/post"}],"author":[{"embeddable":true,"href":"https:\/\/radiocresatelital.com\/index.php?rest_route=\/wp\/v2\/users\/2"}],"replies":[{"embeddable":true,"href":"https:\/\/radiocresatelital.com\/index.php?rest_route=%2Fwp%2Fv2%2Fcomments&post=50532"}],"version-history":[{"count":1,"href":"https:\/\/radiocresatelital.com\/index.php?rest_route=\/wp\/v2\/posts\/50532\/revisions"}],"predecessor-version":[{"id":50534,"href":"https:\/\/radiocresatelital.com\/index.php?rest_route=\/wp\/v2\/posts\/50532\/revisions\/50534"}],"wp:featuredmedia":[{"embeddable":true,"href":"https:\/\/radiocresatelital.com\/index.php?rest_route=\/wp\/v2\/media\/50533"}],"wp:attachment":[{"href":"https:\/\/radiocresatelital.com\/index.php?rest_route=%2Fwp%2Fv2%2Fmedia&parent=50532"}],"wp:term":[{"taxonomy":"category","embeddable":true,"href":"https:\/\/radiocresatelital.com\/index.php?rest_route=%2Fwp%2Fv2%2Fcategories&post=50532"},{"taxonomy":"post_tag","embeddable":true,"href":"https:\/\/radiocresatelital.com\/index.php?rest_route=%2Fwp%2Fv2%2Ftags&post=50532"}],"curies":[{"name":"wp","href":"https:\/\/api.w.org\/{rel}","templated":true}]}}