{"id":504,"date":"2023-06-28T18:19:40","date_gmt":"2023-06-28T18:19:40","guid":{"rendered":"https:\/\/radiocresatelital.com\/?p=504"},"modified":"2023-06-28T18:19:40","modified_gmt":"2023-06-28T18:19:40","slug":"tres-jugadores-de-orense-sc-quedaron-desafectados","status":"publish","type":"post","link":"https:\/\/radiocresatelital.com\/?p=504","title":{"rendered":"Tres jugadores de Orense SC quedaron desafectados"},"content":{"rendered":"<p><strong>Por Luis Su\u00e1rez Marquina<\/strong><\/p>\n<p>El defensa ecuatoriano, Marlon Mej\u00eda, el delantero Adolfo Mu\u00f1oz y el mediocampista brasile\u00f1o, David Ribeiro, fueron desafectados de Orense Sporting Club este d\u00eda mi\u00e9rcoles 28 de junio de 2023.<\/p>\n<p>Se dijo que los jugadores no tuvieron muchas oportunidades en el equipo machale\u00f1o, por lo que no entregaron en los planes para la segunda etapa de Ligaproec<\/p>\n<p>A ellos se suma la salida del atacante argentino, Alejandro Quintana, ocurrido la semana pasada, con lo que ya han buscado nuevos senderos cuatro jugadores del equipo verdiazul.<\/p>\n<p>En las pr\u00f3ximas horas se conocer\u00e1 los nuevos refuerzos para la segunda etapa, ser\u00edan por lo menos dos delanteros de primer nivel que estar\u00edan en conversaciones con el equipo.<\/p>\n","protected":false},"excerpt":{"rendered":"<p>Por Luis Su\u00e1rez Marquina El defensa ecuatoriano, Marlon Mej\u00eda, el delantero Adolfo Mu\u00f1oz y el mediocampista brasile\u00f1o, David Ribeiro, fueron desafectados de Orense Sporting Club este d\u00eda mi\u00e9rcoles 28 de junio de 2023. Se dijo que los jugadores no tuvieron muchas oportunidades en el equipo machale\u00f1o, por lo que no entregaron en los planes para [&hellip;]<\/p>\n","protected":false},"author":2,"featured_media":506,"comment_status":"open","ping_status":"closed","sticky":false,"template":"","format":"standard","meta":{"_jetpack_memberships_contains_paid_content":false,"footnotes":""},"categories":[73],"tags":[127],"class_list":["post-504","post","type-post","status-publish","format-standard","has-post-thumbnail","hentry","category-liga-pro","tag-orense"],"jetpack_featured_media_url":"https:\/\/radiocresatelital.com\/wp-content\/uploads\/2023\/06\/ebf9924d-2d18-41ef-87f9-9479fc606a0b.jpg","jetpack_sharing_enabled":true,"_links":{"self":[{"href":"https:\/\/radiocresatelital.com\/index.php?rest_route=\/wp\/v2\/posts\/504","targetHints":{"allow":["GET"]}}],"collection":[{"href":"https:\/\/radiocresatelital.com\/index.php?rest_route=\/wp\/v2\/posts"}],"about":[{"href":"https:\/\/radiocresatelital.com\/index.php?rest_route=\/wp\/v2\/types\/post"}],"author":[{"embeddable":true,"href":"https:\/\/radiocresatelital.com\/index.php?rest_route=\/wp\/v2\/users\/2"}],"replies":[{"embeddable":true,"href":"https:\/\/radiocresatelital.com\/index.php?rest_route=%2Fwp%2Fv2%2Fcomments&post=504"}],"version-history":[{"count":2,"href":"https:\/\/radiocresatelital.com\/index.php?rest_route=\/wp\/v2\/posts\/504\/revisions"}],"predecessor-version":[{"id":507,"href":"https:\/\/radiocresatelital.com\/index.php?rest_route=\/wp\/v2\/posts\/504\/revisions\/507"}],"wp:featuredmedia":[{"embeddable":true,"href":"https:\/\/radiocresatelital.com\/index.php?rest_route=\/wp\/v2\/media\/506"}],"wp:attachment":[{"href":"https:\/\/radiocresatelital.com\/index.php?rest_route=%2Fwp%2Fv2%2Fmedia&parent=504"}],"wp:term":[{"taxonomy":"category","embeddable":true,"href":"https:\/\/radiocresatelital.com\/index.php?rest_route=%2Fwp%2Fv2%2Fcategories&post=504"},{"taxonomy":"post_tag","embeddable":true,"href":"https:\/\/radiocresatelital.com\/index.php?rest_route=%2Fwp%2Fv2%2Ftags&post=504"}],"curies":[{"name":"wp","href":"https:\/\/api.w.org\/{rel}","templated":true}]}}