{"id":50329,"date":"2026-04-02T20:46:11","date_gmt":"2026-04-02T20:46:11","guid":{"rendered":"https:\/\/radiocresatelital.com\/?p=50329"},"modified":"2026-04-02T20:46:11","modified_gmt":"2026-04-02T20:46:11","slug":"procuraduria-recomienda-el-archivo-del-proyecto-de-ley-sobre-control-previo-de-legalidad-de-actos-y-contratos","status":"publish","type":"post","link":"https:\/\/radiocresatelital.com\/?p=50329","title":{"rendered":"Procuradur\u00eda recomienda el archivo del proyecto de ley sobre control previo de legalidad de actos y contratos"},"content":{"rendered":"<p>Quito.- La delegada de la Procuradur\u00eda General del Estado, Jenifer Rodas, directora nacional de Iniciativa Legislativa e Investigaciones Jur\u00eddicas, recomend\u00f3 a la Comisi\u00f3n de R\u00e9gimen Econ\u00f3mico el archivo del Proyecto de Ley Org\u00e1nica Reformatoria para Restituir el Control Previo de Legalidad de Actos y Contratos, presentado en 2019 por el exprocurador del Estado, \u00cd\u00f1igo Salvador.<\/p>\n<p>Rodas record\u00f3 que, en ese entonces, se buscaba incluir en la Ley Org\u00e1nica de la Procuradur\u00eda General del Estado la facultad de que dicho organismo emita un informe previo de legalidad de los actos relacionados con los procesos de contrataci\u00f3n, antes de su suscripci\u00f3n.<\/p>\n<p>La funcionaria a\u00f1adi\u00f3 que existe otra reforma legal que est\u00e1 siendo abordada de manera integral en la Comisi\u00f3n de Justicia y Estructura del Estado, sobre la base del proyecto presentado por la Procuradur\u00eda en diciembre de 2025; por lo tanto, reiter\u00f3 la recomendaci\u00f3n de archivo.<\/p>\n<p>Por su parte, la subdirectora de Contrataci\u00f3n Especial de la misma instituci\u00f3n, Cristina Calvopi\u00f1a, explic\u00f3 que la iniciativa carece actualmente de viabilidad, debido a que la Constituci\u00f3n de la Rep\u00fablica de 2008 limita el control previo en los procesos de contrataci\u00f3n por parte de esta entidad p\u00fablica.<\/p>\n<p>Calvopi\u00f1a record\u00f3 que entre 2004 y 2008 se emitieron 2.631 informes favorables de control previo y 437 desfavorables; sin embargo, asumir nuevamente esta competencia demandar\u00eda capacidad operativa para revisar expedientes masivos, adem\u00e1s de un incremento presupuestario.<\/p>\n<p>Los criterios de las delegadas de la Procuradur\u00eda General del Estado se presentaron tras el conocimiento de la resoluci\u00f3n del Consejo de Administraci\u00f3n Legislativa (CAL), de 24 de julio de 2019.<\/p>\n","protected":false},"excerpt":{"rendered":"<p>Quito.- La delegada de la Procuradur\u00eda General del Estado, Jenifer Rodas, directora nacional de Iniciativa Legislativa e Investigaciones Jur\u00eddicas, recomend\u00f3 a la Comisi\u00f3n de R\u00e9gimen Econ\u00f3mico el archivo del Proyecto de Ley Org\u00e1nica Reformatoria para Restituir el Control Previo de Legalidad de Actos y Contratos, presentado en 2019 por el exprocurador del Estado, \u00cd\u00f1igo Salvador. [&hellip;]<\/p>\n","protected":false},"author":2,"featured_media":40036,"comment_status":"open","ping_status":"closed","sticky":false,"template":"","format":"standard","meta":{"_jetpack_memberships_contains_paid_content":false,"footnotes":""},"categories":[13],"tags":[5595,7496,8314],"class_list":["post-50329","post","type-post","status-publish","format-standard","has-post-thumbnail","hentry","category-noticias-nacionales","tag-comision-de-regimen-economico","tag-procuraduria-general-del-estado","tag-proyecto-de-ley-organica-reformatoria-para-restituir-el-control-previo-de-legalidad-de-actos-y-contratos"],"jetpack_featured_media_url":"https:\/\/radiocresatelital.com\/wp-content\/uploads\/2025\/10\/nueva-asamblea-nacional.jpg","jetpack_sharing_enabled":true,"_links":{"self":[{"href":"https:\/\/radiocresatelital.com\/index.php?rest_route=\/wp\/v2\/posts\/50329","targetHints":{"allow":["GET"]}}],"collection":[{"href":"https:\/\/radiocresatelital.com\/index.php?rest_route=\/wp\/v2\/posts"}],"about":[{"href":"https:\/\/radiocresatelital.com\/index.php?rest_route=\/wp\/v2\/types\/post"}],"author":[{"embeddable":true,"href":"https:\/\/radiocresatelital.com\/index.php?rest_route=\/wp\/v2\/users\/2"}],"replies":[{"embeddable":true,"href":"https:\/\/radiocresatelital.com\/index.php?rest_route=%2Fwp%2Fv2%2Fcomments&post=50329"}],"version-history":[{"count":1,"href":"https:\/\/radiocresatelital.com\/index.php?rest_route=\/wp\/v2\/posts\/50329\/revisions"}],"predecessor-version":[{"id":50331,"href":"https:\/\/radiocresatelital.com\/index.php?rest_route=\/wp\/v2\/posts\/50329\/revisions\/50331"}],"wp:featuredmedia":[{"embeddable":true,"href":"https:\/\/radiocresatelital.com\/index.php?rest_route=\/wp\/v2\/media\/40036"}],"wp:attachment":[{"href":"https:\/\/radiocresatelital.com\/index.php?rest_route=%2Fwp%2Fv2%2Fmedia&parent=50329"}],"wp:term":[{"taxonomy":"category","embeddable":true,"href":"https:\/\/radiocresatelital.com\/index.php?rest_route=%2Fwp%2Fv2%2Fcategories&post=50329"},{"taxonomy":"post_tag","embeddable":true,"href":"https:\/\/radiocresatelital.com\/index.php?rest_route=%2Fwp%2Fv2%2Ftags&post=50329"}],"curies":[{"name":"wp","href":"https:\/\/api.w.org\/{rel}","templated":true}]}}