{"id":50098,"date":"2026-03-30T17:55:51","date_gmt":"2026-03-30T17:55:51","guid":{"rendered":"https:\/\/radiocresatelital.com\/?p=50098"},"modified":"2026-03-30T21:09:33","modified_gmt":"2026-03-30T21:09:33","slug":"la-esperanza-de-vida-supera-los-73-anos-y-la-poblacion-mayor-de-60-se-duplicara-hacia-2050","status":"publish","type":"post","link":"https:\/\/radiocresatelital.com\/?p=50098","title":{"rendered":"La esperanza de vida supera los 73 a\u00f1os y la poblaci\u00f3n mayor de 60 se duplicar\u00e1 hacia 2050"},"content":{"rendered":"<p>Quito.- El mundo atraviesa un cambio demogr\u00e1fico sin precedentes, las personas vivir\u00e1n m\u00e1s a\u00f1os que cualquier generaci\u00f3n anterior. Sin embargo, el gran desaf\u00edo ya no es \u00fanicamente prolongar la vida, sino garantizar que esos a\u00f1os adicionales se vivan con salud, funcionalidad y bienestar. Bajo esta premisa, se organiz\u00f3 un conversatorio especializado sobre longevidad saludable y medicina preventiva que cont\u00f3 con la participaci\u00f3n del reconocido m\u00e9dico espa\u00f1ol \u00c1ngel Dur\u00e1ntez, una de las voces m\u00e1s influyentes en Europa en medicina preventiva y Age Management Medicine.<\/p>\n<p>Durante la apertura del encuentro, Pedro Bustamante, CEO de Humana S.A., destac\u00f3 que la longevidad tambi\u00e9n representa un desaf\u00edo estrat\u00e9gico para los sistemas de salud. \u201cEstamos frente a un cambio demogr\u00e1fico sin precedentes. Las personas vivir\u00e1n 20 o 30 a\u00f1os m\u00e1s que generaciones anteriores, y eso nos obliga a replantear el rol de los sistemas de salud. El desaf\u00edo no es solo tratar la enfermedad, sino acompa\u00f1ar a las personas para que esos a\u00f1os adicionales se vivan con autonom\u00eda, bienestar y alto desempe\u00f1o\u201d, se\u00f1al\u00f3.<\/p>\n<p>Bustamante explic\u00f3 que la medicina prepaga ha sido tradicionalmente reactiva, centrada en cubrir la enfermedad una vez que aparece. Sin embargo, el nuevo paradigma exige anticiparse al riesgo, fortalecer la prevenci\u00f3n y promover una mayor educaci\u00f3n en salud.<\/p>\n<p>Seg\u00fan explic\u00f3, muchas enfermedades cr\u00f3nicas vinculadas al envejecimiento comienzan a desarrollarse silenciosamente desde los 35 o 45 a\u00f1os, por lo que la prevenci\u00f3n temprana y el cuidado integral tanto f\u00edsico como mental son clave para preservar la funcionalidad y calidad de vida durante m\u00e1s tiempo.<\/p>\n<p>En este contexto, se destacan algunos pilares fundamentales para la salud mental y el envejecimiento saludable, entre ellos:<\/p>\n<ul>\n<li>Actividad f\u00edsica regular: factores m\u00e1s influyentes para el bienestar emocional y cognitivo.<\/li>\n<li>Descanso y calidad del sue\u00f1o: fundamentales para la recuperaci\u00f3n f\u00edsica y mental.<\/li>\n<li>Actitud mental y optimismo: elementos que la evidencia cient\u00edfica vincula con una mayor longevidad.<\/li>\n<li>Conexi\u00f3n social y vida en comunidad: factores clave para evitar el aislamiento y fortalecer el bienestar psicol\u00f3gico.<\/li>\n<\/ul>\n<p>Por su parte, \u00c1ngel Dur\u00e1ntez se\u00f1al\u00f3 que \u201cla discusi\u00f3n ya no es cu\u00e1nto vamos a vivir, sino c\u00f3mo vamos a vivir esos a\u00f1os adicionales\u201d; destacando la diferencia entre lifespan (a\u00f1os de vida) y healthspan (a\u00f1os vividos en buena salud), subrayando que extender la vida sin bienestar f\u00edsico y emocional genera tensiones para las personas y los sistemas de salud.<\/p>\n<p>Los datos globales reflejan la magnitud de este cambio demogr\u00e1fico. La esperanza de vida pas\u00f3 de 46 a\u00f1os en 1950 a m\u00e1s de 73 a\u00f1os en la actualidad, seg\u00fan la OMS y Naciones Unidas. Para 2050, la poblaci\u00f3n mayor de 60 a\u00f1os se duplicar\u00e1 y superar\u00e1 los 2.100 millones, con cerca de 3,7 millones de centenarios. Sin embargo, el desaf\u00edo sigue siendo la calidad de vida, en promedio, las personas pasan casi 10 a\u00f1os con enfermedades o limitaciones, y m\u00e1s del 70 % de las muertes est\u00e1n vinculadas a enfermedades cr\u00f3nicas no transmisibles asociadas al envejecimiento.<\/p>\n","protected":false},"excerpt":{"rendered":"<p>Quito.- El mundo atraviesa un cambio demogr\u00e1fico sin precedentes, las personas vivir\u00e1n m\u00e1s a\u00f1os que cualquier generaci\u00f3n anterior. Sin embargo, el gran desaf\u00edo ya no es \u00fanicamente prolongar la vida, sino garantizar que esos a\u00f1os adicionales se vivan con salud, funcionalidad y bienestar. Bajo esta premisa, se organiz\u00f3 un conversatorio especializado sobre longevidad saludable y [&hellip;]<\/p>\n","protected":false},"author":2,"featured_media":50099,"comment_status":"open","ping_status":"closed","sticky":false,"template":"","format":"standard","meta":{"_jetpack_memberships_contains_paid_content":false,"footnotes":""},"categories":[1023],"tags":[1757],"class_list":["post-50098","post","type-post","status-publish","format-standard","has-post-thumbnail","hentry","category-salud","tag-humana-s-a"],"jetpack_featured_media_url":"https:\/\/radiocresatelital.com\/wp-content\/uploads\/2026\/03\/WhatsApp-Image-2026-03-30-at-15.53.30.jpeg","jetpack_sharing_enabled":true,"_links":{"self":[{"href":"https:\/\/radiocresatelital.com\/index.php?rest_route=\/wp\/v2\/posts\/50098","targetHints":{"allow":["GET"]}}],"collection":[{"href":"https:\/\/radiocresatelital.com\/index.php?rest_route=\/wp\/v2\/posts"}],"about":[{"href":"https:\/\/radiocresatelital.com\/index.php?rest_route=\/wp\/v2\/types\/post"}],"author":[{"embeddable":true,"href":"https:\/\/radiocresatelital.com\/index.php?rest_route=\/wp\/v2\/users\/2"}],"replies":[{"embeddable":true,"href":"https:\/\/radiocresatelital.com\/index.php?rest_route=%2Fwp%2Fv2%2Fcomments&post=50098"}],"version-history":[{"count":1,"href":"https:\/\/radiocresatelital.com\/index.php?rest_route=\/wp\/v2\/posts\/50098\/revisions"}],"predecessor-version":[{"id":50100,"href":"https:\/\/radiocresatelital.com\/index.php?rest_route=\/wp\/v2\/posts\/50098\/revisions\/50100"}],"wp:featuredmedia":[{"embeddable":true,"href":"https:\/\/radiocresatelital.com\/index.php?rest_route=\/wp\/v2\/media\/50099"}],"wp:attachment":[{"href":"https:\/\/radiocresatelital.com\/index.php?rest_route=%2Fwp%2Fv2%2Fmedia&parent=50098"}],"wp:term":[{"taxonomy":"category","embeddable":true,"href":"https:\/\/radiocresatelital.com\/index.php?rest_route=%2Fwp%2Fv2%2Fcategories&post=50098"},{"taxonomy":"post_tag","embeddable":true,"href":"https:\/\/radiocresatelital.com\/index.php?rest_route=%2Fwp%2Fv2%2Ftags&post=50098"}],"curies":[{"name":"wp","href":"https:\/\/api.w.org\/{rel}","templated":true}]}}