{"id":50041,"date":"2026-03-29T21:19:27","date_gmt":"2026-03-29T21:19:27","guid":{"rendered":"https:\/\/radiocresatelital.com\/?p=50041"},"modified":"2026-03-29T21:19:27","modified_gmt":"2026-03-29T21:19:27","slug":"nos-lo-merecemos-pero-tendremos-que-demostrarlo-en-el-campo-todos-sabemos-lo-que-esta-en-juego-matteo-politano","status":"publish","type":"post","link":"https:\/\/radiocresatelital.com\/?p=50041","title":{"rendered":"Nos lo merecemos, pero tendremos que demostrarlo en el campo.\u00a0Todos sabemos lo que est\u00e1 en juego, Matteo Politano"},"content":{"rendered":"<p>Zenica.- El volante derecho de la selecci\u00f3n Italiana de F\u00fatbol, Matteo Politano, ha manifestado que la Azzurri \u00abmerece estar en el Mundial\u00bb, y tendr\u00e1 que demostrarlo cuando enfrente a Bosnia y Herzegovina en la final de la repesca europea.<\/p>\n<p>En una entrevista con el canal oficial de la Federaci\u00f3n Italiana de F\u00fatbol (FIGC), el jugador del Napoli afirm\u00f3 que el \u00fanico objetivo del equipo es \u00abclasificarse para el Mundial\u00bb, competici\u00f3n que no ha disputado la tetracampeona desde Brasil 2014.<\/p>\n<p>\u00abNos lo merecemos, pero tendremos que demostrarlo en el campo.\u00a0Todos sabemos lo que est\u00e1 en juego\u00bb, dijo Politano, de 32 a\u00f1os, a\u00f1adiendo que esta podr\u00eda ser su \u00faltima oportunidad de jugar un Mundial.<\/p>\n<p>\u00abSer\u00e1 importante empezar bien.\u00a0Contra Irlanda del Norte vimos algunos &#8216;monstruos&#8217;, pero despu\u00e9s del primer gol jugamos con m\u00e1s libertad\u00bb, subray\u00f3 el extremo derecho, asegurando que el equipo \u00ablo dar\u00e1 todo para estar en este Mundial\u00bb.<\/p>\n<p>El decisivo partido de repesca se jugar\u00e1 en el peque\u00f1o estadio Bilino Polje de Zenica, y el ganador asegurar\u00e1 su plaza en Estados Unidos, M\u00e9xico y Canad\u00e1.<\/p>\n<p>Italia termin\u00f3 segunda en el Grupo I de las eliminatorias de la UEFA, con seis victorias en ocho partidos, todas contra Israel, Estonia y Moldavia.<\/p>\n<p>Sin embargo, los cuatro veces campeones cayeron a la repesca tras perder dos veces contra Noruega, con un marcador global de 7-1 a favor de Haaland y compa\u00f1\u00eda.<\/p>\n<p>Bosnia termin\u00f3 segunda en el Grupo H con 17 puntos, solo por detr\u00e1s de Austria con 19. En su campa\u00f1a, el equipo balc\u00e1nico gan\u00f3 dos veces contra Rumania y San Marino, gan\u00f3 una vez y empat\u00f3 otra contra Chipre, y empat\u00f3 una vez y perdi\u00f3 otra contra Austria.<\/p>\n<p>En las semifinales de la repesca, Bosnia derrot\u00f3 a Gales en la tanda de penaltis como visitante.<\/p>\n","protected":false},"excerpt":{"rendered":"<p>Zenica.- El volante derecho de la selecci\u00f3n Italiana de F\u00fatbol, Matteo Politano, ha manifestado que la Azzurri \u00abmerece estar en el Mundial\u00bb, y tendr\u00e1 que demostrarlo cuando enfrente a Bosnia y Herzegovina en la final de la repesca europea. En una entrevista con el canal oficial de la Federaci\u00f3n Italiana de F\u00fatbol (FIGC), el jugador [&hellip;]<\/p>\n","protected":false},"author":2,"featured_media":50042,"comment_status":"open","ping_status":"closed","sticky":false,"template":"","format":"standard","meta":{"_jetpack_memberships_contains_paid_content":false,"footnotes":""},"categories":[7],"tags":[8263,1291],"class_list":["post-50041","post","type-post","status-publish","format-standard","has-post-thumbnail","hentry","category-futbol-internacional","tag-matteo-politano","tag-seleccion-italia"],"jetpack_featured_media_url":"https:\/\/radiocresatelital.com\/wp-content\/uploads\/2026\/03\/depositphotos_837955430-stock-photo-bergamo-italy-september-2025-matteo.webp","jetpack_sharing_enabled":true,"_links":{"self":[{"href":"https:\/\/radiocresatelital.com\/index.php?rest_route=\/wp\/v2\/posts\/50041","targetHints":{"allow":["GET"]}}],"collection":[{"href":"https:\/\/radiocresatelital.com\/index.php?rest_route=\/wp\/v2\/posts"}],"about":[{"href":"https:\/\/radiocresatelital.com\/index.php?rest_route=\/wp\/v2\/types\/post"}],"author":[{"embeddable":true,"href":"https:\/\/radiocresatelital.com\/index.php?rest_route=\/wp\/v2\/users\/2"}],"replies":[{"embeddable":true,"href":"https:\/\/radiocresatelital.com\/index.php?rest_route=%2Fwp%2Fv2%2Fcomments&post=50041"}],"version-history":[{"count":1,"href":"https:\/\/radiocresatelital.com\/index.php?rest_route=\/wp\/v2\/posts\/50041\/revisions"}],"predecessor-version":[{"id":50043,"href":"https:\/\/radiocresatelital.com\/index.php?rest_route=\/wp\/v2\/posts\/50041\/revisions\/50043"}],"wp:featuredmedia":[{"embeddable":true,"href":"https:\/\/radiocresatelital.com\/index.php?rest_route=\/wp\/v2\/media\/50042"}],"wp:attachment":[{"href":"https:\/\/radiocresatelital.com\/index.php?rest_route=%2Fwp%2Fv2%2Fmedia&parent=50041"}],"wp:term":[{"taxonomy":"category","embeddable":true,"href":"https:\/\/radiocresatelital.com\/index.php?rest_route=%2Fwp%2Fv2%2Fcategories&post=50041"},{"taxonomy":"post_tag","embeddable":true,"href":"https:\/\/radiocresatelital.com\/index.php?rest_route=%2Fwp%2Fv2%2Ftags&post=50041"}],"curies":[{"name":"wp","href":"https:\/\/api.w.org\/{rel}","templated":true}]}}