{"id":49940,"date":"2026-03-27T19:16:09","date_gmt":"2026-03-27T19:16:09","guid":{"rendered":"https:\/\/radiocresatelital.com\/?p=49940"},"modified":"2026-03-27T23:17:10","modified_gmt":"2026-03-27T23:17:10","slug":"usfq-trata-mas-del-97-de-las-aguas-residuales-generadas-en-su-campus","status":"publish","type":"post","link":"https:\/\/radiocresatelital.com\/?p=49940","title":{"rendered":"USFQ trata m\u00e1s del 97 % de las aguas residuales generadas en su campus"},"content":{"rendered":"<p>Quito.- En un contexto marcado por el deterioro de la calidad del agua de los r\u00edos del pa\u00eds, la ciencia ecuatoriana comienza a posicionarse como parte de la soluci\u00f3n. La Universidad San Francisco de Quito USFQ ha instalado la Planta de Tratamiento de Aguas Residuales (PTAR-USFQ), una infraestructura clave que demuestra c\u00f3mo la innovaci\u00f3n tecnol\u00f3gica puede contribuir a la gesti\u00f3n responsable del recurso h\u00eddrico y a la reducci\u00f3n de la contaminaci\u00f3n.<\/p>\n<p>Ubicada en el campus Santiago Gangotena, la PTAR-USFQ trata m\u00e1s del 97% de las aguas residuales generadas en la universidad, equivalentes a 60 metros c\u00fabicos diarios provenientes de actividades de docencia e investigaci\u00f3n. El sistema integra un proceso de pretratamiento, un tanque ecualizador y un tren biol\u00f3gico compacto con tecnolog\u00eda de la empresa AQUATEC, que combina etapas anaerobias, aerobias y de clarificaci\u00f3n para depurar el agua de forma eficiente.<\/p>\n<p>Los resultados son contundentes: la planta alcanza eficiencias superiores al 95% en la remoci\u00f3n de materia org\u00e1nica, s\u00f3lidos suspendidos y nutrientes. Esto permite descargar un efluente que cumple con la normativa ambiental ecuatoriana, reduciendo significativamente el impacto sobre los cuerpos de agua receptores y aportando a la protecci\u00f3n de ecosistemas acu\u00e1ticos que hoy enfrentan crecientes presiones.<\/p>\n<p>M\u00e1s all\u00e1 de su funci\u00f3n operativa, la PTAR-USFQ se ha consolidado como un espacio de aprendizaje e investigaci\u00f3n aplicada. Concebida como un \u201cLiving Lab\u201d, la PTAR-USFQ permite a estudiantes y docentes desarrollar proyectos cient\u00edficos orientados a mejorar tecnolog\u00edas de tratamiento, monitorear la calidad del agua y generar conocimiento \u00fatil para enfrentar los desaf\u00edos ambientales del pa\u00eds.<\/p>\n<p>El proyecto PTAR-USFQ fue reconocido como ganador en la categor\u00eda \u201cAliados Verdes\u201d, dentro de la tem\u00e1tica de Gesti\u00f3n Integral del Agua, durante la ceremonia de la Distinci\u00f3n Ambiental Metropolitana \u201cQuito Sostenible 2025\u201d, otorgada por la Secretar\u00eda de Ambiente.<\/p>\n<p>A futuro, la universidad proyecta ampliar el alcance de esta iniciativa mediante el re\u00faso del agua tratada en riego, sistemas sanitarios y mantenimiento de espacios, as\u00ed como la implementaci\u00f3n de monitoreo en tiempo real y el an\u00e1lisis de contaminantes emergentes como f\u00e1rmacos. Estas acciones consolidan a la PTAR-USFQ como un referente nacional en soluciones basadas en ciencia, evidenciando que la gesti\u00f3n sostenible del agua es posible cuando la investigaci\u00f3n se traduce en acci\u00f3n concreta.<\/p>\n","protected":false},"excerpt":{"rendered":"<p>Quito.- En un contexto marcado por el deterioro de la calidad del agua de los r\u00edos del pa\u00eds, la ciencia ecuatoriana comienza a posicionarse como parte de la soluci\u00f3n. La Universidad San Francisco de Quito USFQ ha instalado la Planta de Tratamiento de Aguas Residuales (PTAR-USFQ), una infraestructura clave que demuestra c\u00f3mo la innovaci\u00f3n tecnol\u00f3gica [&hellip;]<\/p>\n","protected":false},"author":2,"featured_media":49941,"comment_status":"open","ping_status":"closed","sticky":false,"template":"","format":"standard","meta":{"_jetpack_memberships_contains_paid_content":false,"footnotes":""},"categories":[13],"tags":[3296],"class_list":["post-49940","post","type-post","status-publish","format-standard","has-post-thumbnail","hentry","category-noticias-nacionales","tag-usfq"],"jetpack_featured_media_url":"https:\/\/radiocresatelital.com\/wp-content\/uploads\/2026\/03\/WhatsApp-Image-2026-03-27-at-11.42.22.jpeg","jetpack_sharing_enabled":true,"_links":{"self":[{"href":"https:\/\/radiocresatelital.com\/index.php?rest_route=\/wp\/v2\/posts\/49940","targetHints":{"allow":["GET"]}}],"collection":[{"href":"https:\/\/radiocresatelital.com\/index.php?rest_route=\/wp\/v2\/posts"}],"about":[{"href":"https:\/\/radiocresatelital.com\/index.php?rest_route=\/wp\/v2\/types\/post"}],"author":[{"embeddable":true,"href":"https:\/\/radiocresatelital.com\/index.php?rest_route=\/wp\/v2\/users\/2"}],"replies":[{"embeddable":true,"href":"https:\/\/radiocresatelital.com\/index.php?rest_route=%2Fwp%2Fv2%2Fcomments&post=49940"}],"version-history":[{"count":1,"href":"https:\/\/radiocresatelital.com\/index.php?rest_route=\/wp\/v2\/posts\/49940\/revisions"}],"predecessor-version":[{"id":49942,"href":"https:\/\/radiocresatelital.com\/index.php?rest_route=\/wp\/v2\/posts\/49940\/revisions\/49942"}],"wp:featuredmedia":[{"embeddable":true,"href":"https:\/\/radiocresatelital.com\/index.php?rest_route=\/wp\/v2\/media\/49941"}],"wp:attachment":[{"href":"https:\/\/radiocresatelital.com\/index.php?rest_route=%2Fwp%2Fv2%2Fmedia&parent=49940"}],"wp:term":[{"taxonomy":"category","embeddable":true,"href":"https:\/\/radiocresatelital.com\/index.php?rest_route=%2Fwp%2Fv2%2Fcategories&post=49940"},{"taxonomy":"post_tag","embeddable":true,"href":"https:\/\/radiocresatelital.com\/index.php?rest_route=%2Fwp%2Fv2%2Ftags&post=49940"}],"curies":[{"name":"wp","href":"https:\/\/api.w.org\/{rel}","templated":true}]}}