{"id":49901,"date":"2026-03-27T19:21:47","date_gmt":"2026-03-27T19:21:47","guid":{"rendered":"https:\/\/radiocresatelital.com\/?p=49901"},"modified":"2026-03-27T19:21:47","modified_gmt":"2026-03-27T19:21:47","slug":"gracias-a-la-ley-impulsada-por-el-presidente-daniel-noboa-la-policia-nacional-recibio-190-vehiculos-en-alianza-con-el-sector-privado-para-combatir-el-crimen","status":"publish","type":"post","link":"https:\/\/radiocresatelital.com\/?p=49901","title":{"rendered":"Gracias a la ley impulsada por el Presidente Daniel Noboa, La Polic\u00eda Nacional recibi\u00f3 190 veh\u00edculos en alianza con el sector privado para combatir el crimen"},"content":{"rendered":"<p>Quito, Ecuador. \u2013 Para el Gobierno del Presidente de la Rep\u00fablica, Daniel Noboa Azin, la seguridad es una prioridad nacional que requiere la suma de voluntades y compromiso. Por ello, este 27 de marzo, el mandatario entreg\u00f3 a la Polic\u00eda Nacional equipamiento para fortalecer su labor t\u00e1ctica. \u201cGracias a la Ley de Fortalecimiento de las Fuerzas Armadas y la Polic\u00eda que impulsamos, el sector privado se ha convertido en un aliado clave en esta lucha\u201d, resalt\u00f3 el jefe de Estado.<\/p>\n<p>Por medio esta normativa, el Ministerio del Interior incorpor\u00f3 a la instituci\u00f3n policial 190 veh\u00edculos y m\u00e1s de 10.000 equipos de comunicaci\u00f3n. Esta donaci\u00f3n, que proviene del sector privado, representa una inversi\u00f3n que alcanza los USD 29.4 millones beneficiando a los 18 millones de ecuatorianos. Adem\u00e1s, el Presidente reconoci\u00f3 el aporte del Banco del Pac\u00edfico, que ha entregado m\u00e1s de 500 camionetas.<\/p>\n<p>El ministro del Interior, John Reimberg, destac\u00f3 que el fortalecimiento de las fuerzas del orden y las decisiones responsables impulsadas por el primer mandatario se traducen en bienestar para las familias y en un golpe a la econom\u00eda de estructuras criminales.<\/p>\n<p>Adem\u00e1s, afirm\u00f3 que \u201cen esta lucha no estamos solos. El Estado ha contado con el apoyo de ciudadanos valientes que han arrimado el hombro y que han colaborado con las fuerzas del orden para recuperar la paz en nuestros territorios\u201d.<\/p>\n<p>Bajo esta perspectiva, el ministro Reimberg enfatiz\u00f3 en que la Ley de Fortalecimiento de las Fuerzas Armadas y la Polic\u00eda es una normativa que adem\u00e1s de reconocer la importancia de las fuerzas del orden, \u201ccrea mecanismos innovadores para potenciar sus capacidades\u201d, a trav\u00e9s de incentivos tributarios y donaciones.<\/p>\n<p>En el marco de este acto, el presidente Noboa fue enf\u00e1tico al afirmar: \u201ccaminamos a paso firme, no vamos a retroceder ante las amenazas, ni pactar con la delincuencia, ni tampoco nos vamos a sentar a hablar con esos pol\u00edticos que han sido c\u00f3mplices de la criminalidad y del narcoterrorismo\u201d<\/p>\n<p>El Gobierno Nacional, a trav\u00e9s del Ministerio del Interior trabaja para dotar a la Polic\u00eda Nacional del Ecuador de medios log\u00edsticos y operativos para fortalecer su operatividad y garantizar la seguridad de todos los ecuatorianos. Por ello, esta entrega no se trata de un hecho aislado; es un paso m\u00e1s para potenciar la lucha contra grupos delictivos, narcotr\u00e1fico, crimen organizado y delitos conexos.<\/p>\n<p>\u201cMuy pronto, no quedar\u00e1 un solo rinc\u00f3n donde los criminales puedan esconderse. Junto a nuestros aliados en la regi\u00f3n, mantenemos operaciones constantes para cerrar el cerco al terrorismo, delincuencia y criminalidad de las\u201d, concluy\u00f3 Noboa.<\/p>\n","protected":false},"excerpt":{"rendered":"<p>Quito, Ecuador. \u2013 Para el Gobierno del Presidente de la Rep\u00fablica, Daniel Noboa Azin, la seguridad es una prioridad nacional que requiere la suma de voluntades y compromiso. Por ello, este 27 de marzo, el mandatario entreg\u00f3 a la Polic\u00eda Nacional equipamiento para fortalecer su labor t\u00e1ctica. \u201cGracias a la Ley de Fortalecimiento de las [&hellip;]<\/p>\n","protected":false},"author":2,"featured_media":49902,"comment_status":"open","ping_status":"closed","sticky":false,"template":"","format":"standard","meta":{"_jetpack_memberships_contains_paid_content":false,"footnotes":""},"categories":[13],"tags":[1322],"class_list":["post-49901","post","type-post","status-publish","format-standard","has-post-thumbnail","hentry","category-noticias-nacionales","tag-presidente-daniel-noboa"],"jetpack_featured_media_url":"https:\/\/radiocresatelital.com\/wp-content\/uploads\/2026\/03\/55171789283_d8b4d555d4_c.jpg","jetpack_sharing_enabled":true,"_links":{"self":[{"href":"https:\/\/radiocresatelital.com\/index.php?rest_route=\/wp\/v2\/posts\/49901","targetHints":{"allow":["GET"]}}],"collection":[{"href":"https:\/\/radiocresatelital.com\/index.php?rest_route=\/wp\/v2\/posts"}],"about":[{"href":"https:\/\/radiocresatelital.com\/index.php?rest_route=\/wp\/v2\/types\/post"}],"author":[{"embeddable":true,"href":"https:\/\/radiocresatelital.com\/index.php?rest_route=\/wp\/v2\/users\/2"}],"replies":[{"embeddable":true,"href":"https:\/\/radiocresatelital.com\/index.php?rest_route=%2Fwp%2Fv2%2Fcomments&post=49901"}],"version-history":[{"count":1,"href":"https:\/\/radiocresatelital.com\/index.php?rest_route=\/wp\/v2\/posts\/49901\/revisions"}],"predecessor-version":[{"id":49903,"href":"https:\/\/radiocresatelital.com\/index.php?rest_route=\/wp\/v2\/posts\/49901\/revisions\/49903"}],"wp:featuredmedia":[{"embeddable":true,"href":"https:\/\/radiocresatelital.com\/index.php?rest_route=\/wp\/v2\/media\/49902"}],"wp:attachment":[{"href":"https:\/\/radiocresatelital.com\/index.php?rest_route=%2Fwp%2Fv2%2Fmedia&parent=49901"}],"wp:term":[{"taxonomy":"category","embeddable":true,"href":"https:\/\/radiocresatelital.com\/index.php?rest_route=%2Fwp%2Fv2%2Fcategories&post=49901"},{"taxonomy":"post_tag","embeddable":true,"href":"https:\/\/radiocresatelital.com\/index.php?rest_route=%2Fwp%2Fv2%2Ftags&post=49901"}],"curies":[{"name":"wp","href":"https:\/\/api.w.org\/{rel}","templated":true}]}}