{"id":49655,"date":"2026-03-23T19:33:36","date_gmt":"2026-03-23T19:33:36","guid":{"rendered":"https:\/\/radiocresatelital.com\/?p=49655"},"modified":"2026-03-23T23:35:19","modified_gmt":"2026-03-23T23:35:19","slug":"la-fabril-se-consolida-como-la-marca-empleadora-n-o-1-del-sector-de-consumo-masivo-en-ecuador","status":"publish","type":"post","link":"https:\/\/radiocresatelital.com\/?p=49655","title":{"rendered":"La Fabril se consolida como la marca empleadora N.\u00ba 1 del sector de consumo masivo en Ecuador"},"content":{"rendered":"<p>Guayaquil. \u2013 La Fabril fue reconocida como la marca empleadora N.\u00ba 1 del sector de consumo masivo en Ecuador durante el evento Employer Branding Ecuador 2026, que re\u00fane a las organizaciones con mejores pr\u00e1cticas en atracci\u00f3n, desarrollo y fidelizaci\u00f3n del talento.<\/p>\n<p>El reconocimiento cobra mayor relevancia al considerar la metodolog\u00eda del estudio, construido a partir de m\u00e1s de 81.000 encuestas a nivel nacional, levantadas durante ferias laborales virtuales realizadas en 2025, donde los participantes identificaron a las empresas m\u00e1s atractivas para trabajar en el pa\u00eds y las razones detr\u00e1s de su elecci\u00f3n.<\/p>\n<p>Este resultado se complementa con su desempe\u00f1o en el ranking <strong>Merco Talento<\/strong>, donde la compa\u00f1\u00eda se ubica en el <strong>puesto 9<\/strong> a nivel nacional, consolidando una gesti\u00f3n competitiva en el desarrollo y fidelizaci\u00f3n de talento.<\/p>\n<p>Con cerca de <strong>2.900 colaboradores a nivel nacional<\/strong>, La Fabril mantiene una presencia relevante en el pa\u00eds, siendo Manab\u00ed su principal base laboral, seguida por Guayas, y con 9 agencias comerciales en distintos puntos del Ecuador, lo que refuerza su impacto directo en la generaci\u00f3n de empleo.<\/p>\n<p>M\u00e1s all\u00e1 del reconocimiento, los resultados responden a un modelo de gesti\u00f3n con indicadores concretos:<\/p>\n<ul>\n<li>33% de mujeres en cargos de liderazgo, fortaleciendo la equidad y diversidad.<\/li>\n<li>14% de su n\u00f3mina conformada por j\u00f3venes entre 18 y 29 a\u00f1os, impulsando la empleabilidad juvenil.<\/li>\n<li>25% de vacantes cubiertas con talento interno, promoviendo el crecimiento profesional dentro de la organizaci\u00f3n.<\/li>\n<li>30 nuevas incorporaciones mensuales en promedio, como parte de su aporte sostenido al empleo.<\/li>\n<\/ul>\n<p>Este enfoque no solo fortalece la cultura organizacional, sino que se traduce en mayor productividad, innovaci\u00f3n y sostenibilidad del negocio, consolidando a La Fabril como un actor estrat\u00e9gico en el desarrollo del pa\u00eds.<\/p>\n<p><em>De acuerdo con la compa\u00f1\u00eda, \u201cEste reconocimiento refleja el compromiso sostenido de La Fabril con el desarrollo del empleo en el Ecuador y con la construcci\u00f3n de entornos laborales que generen valor tanto para las personas como para el negocio. Nuestro enfoque est\u00e1 en abrir oportunidades reales, impulsar el talento joven, fortalecer el liderazgo diverso y promover el crecimiento interno. Creemos firmemente que invertir en las personas es clave para construir una organizaci\u00f3n m\u00e1s innovadora, productiva y preparada para los desaf\u00edos del futuro, contribuyendo as\u00ed al crecimiento sostenible del pa\u00eds.\u201d<\/em><\/p>\n<p>El evento reuni\u00f3 a representantes de 53 empresas galardonadas y cerca de 200 l\u00edderes empresariales, en una jornada enfocada en la reflexi\u00f3n, el aprendizaje y el intercambio de buenas pr\u00e1cticas en gesti\u00f3n humana y marca empleadora.<\/p>\n<p>La compa\u00f1\u00eda ha sido reconocida de manera sostenida en rankings que eval\u00faan su impacto en empleabilidad y cultura corporativa, reflejando una estrategia alineada a las nuevas demandas del mercado laboral ecuatoriano.<\/p>\n<p>De esta manera, la compa\u00f1\u00eda consolida un modelo de gesti\u00f3n centrado en las personas, donde el talento se posiciona como un pilar fundamental para la sostenibilidad y evoluci\u00f3n del negocio.<\/p>\n","protected":false},"excerpt":{"rendered":"<p>Guayaquil. \u2013 La Fabril fue reconocida como la marca empleadora N.\u00ba 1 del sector de consumo masivo en Ecuador durante el evento Employer Branding Ecuador 2026, que re\u00fane a las organizaciones con mejores pr\u00e1cticas en atracci\u00f3n, desarrollo y fidelizaci\u00f3n del talento. El reconocimiento cobra mayor relevancia al considerar la metodolog\u00eda del estudio, construido a partir [&hellip;]<\/p>\n","protected":false},"author":2,"featured_media":49656,"comment_status":"open","ping_status":"closed","sticky":false,"template":"","format":"standard","meta":{"_jetpack_memberships_contains_paid_content":false,"footnotes":""},"categories":[13],"tags":[2181],"class_list":["post-49655","post","type-post","status-publish","format-standard","has-post-thumbnail","hentry","category-noticias-nacionales","tag-la-fabril"],"jetpack_featured_media_url":"https:\/\/radiocresatelital.com\/wp-content\/uploads\/2026\/03\/WhatsApp-Image-2026-03-23-at-18.07.35.jpeg","jetpack_sharing_enabled":true,"_links":{"self":[{"href":"https:\/\/radiocresatelital.com\/index.php?rest_route=\/wp\/v2\/posts\/49655","targetHints":{"allow":["GET"]}}],"collection":[{"href":"https:\/\/radiocresatelital.com\/index.php?rest_route=\/wp\/v2\/posts"}],"about":[{"href":"https:\/\/radiocresatelital.com\/index.php?rest_route=\/wp\/v2\/types\/post"}],"author":[{"embeddable":true,"href":"https:\/\/radiocresatelital.com\/index.php?rest_route=\/wp\/v2\/users\/2"}],"replies":[{"embeddable":true,"href":"https:\/\/radiocresatelital.com\/index.php?rest_route=%2Fwp%2Fv2%2Fcomments&post=49655"}],"version-history":[{"count":1,"href":"https:\/\/radiocresatelital.com\/index.php?rest_route=\/wp\/v2\/posts\/49655\/revisions"}],"predecessor-version":[{"id":49657,"href":"https:\/\/radiocresatelital.com\/index.php?rest_route=\/wp\/v2\/posts\/49655\/revisions\/49657"}],"wp:featuredmedia":[{"embeddable":true,"href":"https:\/\/radiocresatelital.com\/index.php?rest_route=\/wp\/v2\/media\/49656"}],"wp:attachment":[{"href":"https:\/\/radiocresatelital.com\/index.php?rest_route=%2Fwp%2Fv2%2Fmedia&parent=49655"}],"wp:term":[{"taxonomy":"category","embeddable":true,"href":"https:\/\/radiocresatelital.com\/index.php?rest_route=%2Fwp%2Fv2%2Fcategories&post=49655"},{"taxonomy":"post_tag","embeddable":true,"href":"https:\/\/radiocresatelital.com\/index.php?rest_route=%2Fwp%2Fv2%2Ftags&post=49655"}],"curies":[{"name":"wp","href":"https:\/\/api.w.org\/{rel}","templated":true}]}}