{"id":49621,"date":"2026-03-23T20:28:33","date_gmt":"2026-03-23T20:28:33","guid":{"rendered":"https:\/\/radiocresatelital.com\/?p=49621"},"modified":"2026-03-23T20:42:03","modified_gmt":"2026-03-23T20:42:03","slug":"arquidiocesis-de-guayaquil-inaugurara-centro-medico-a-bajo-costo","status":"publish","type":"post","link":"https:\/\/radiocresatelital.com\/?p=49621","title":{"rendered":"Arquidi\u00f3cesis de Guayaquil inaugurar\u00e1 centro m\u00e9dico a bajo costo"},"content":{"rendered":"<p>Guayaquil.- Con el objetivo de brindar un servicio de salud integral, de calidad y a bajo costo, la Arquidi\u00f3cesis de Guayaquil a trav\u00e9s de su Red de Dispensarios M\u00e9dicos (REDIMA), inaugurar\u00e1 el pr\u00f3ximo mi\u00e9rcoles 25 de marzo a las 15h00 locales (20h00 GMT) el nuevo centro de especialidades \u201cMar\u00eda Madre de Guayaquil\u201d, ubicado en las calles 10 de Agosto entre Boyac\u00e1 y Chimborazo, centro de la ciudad.<\/p>\n<p>La ceremonia contar\u00e1 con la presencia del Cardenal Luis Cabrera Herrera, OFM., arzobispo de Guayaquil, quien bendecir\u00e1 las instalaciones de la unidad m\u00e9dica. Al acto asistir\u00e1n los obispos<br \/>\nauxiliares, directivos y el personal de salud de REDIMA.<\/p>\n<p>Este nuevo centro m\u00e9dico fue construido en la estructura donde anteriormente funcionaba el edificio de Promoci\u00f3n Humana, el cual fue completamente remodelado e incorpora \u00e1reas de enfermer\u00eda, salas de espera, farmacia, caja y consultorios m\u00e9dicos. Adem\u00e1s de una capilla y un auditorio para la formaci\u00f3n de los profesionales de la salud.<\/p>\n<p>\u201cMar\u00eda Madre de Guayaquil\u201d brindar\u00e1 atenci\u00f3n en m\u00faltiples especialidades, entre ellas: Medicina General, Ginecolog\u00eda, Cardiolog\u00eda, Traumatolog\u00eda, Psicolog\u00eda, Nefrolog\u00eda, Fisioterapia, Pediatr\u00eda, Medicina Interna, Reumatolog\u00eda, Dermatolog\u00eda, Gastroenterolog\u00eda, Urolog\u00eda, Otorrinolaringolog\u00eda, Neurocirug\u00eda, Medicina Cr\u00edtica y Endocrinolog\u00eda. Adem\u00e1s ofertar\u00e1 los servicios de acupuntura, ecograf\u00eda, laboratorio cl\u00ednico, mamograf\u00eda densitometr\u00eda \u00f3sea y rayos X.<\/p>\n<p>La apertura al p\u00fablico del nuevo centro m\u00e9dico ser\u00e1 el lunes 6 abril en horarios de 07h00 a 18h00 locales (12h00 a 23h00 GMT) y los costos de las consultas oscilar\u00e1n entre los $8 y $10.<\/p>\n<p>Para mayor informaci\u00f3n sobre disponibilidad y costos del servicio de tomograf\u00eda en REDIMA, puede comunicarse a los tel\u00e9fonos 042-3903657 \u2013 042-3903659 o escribiendo al correo: secretaria@redima.med.ec.<\/p>\n","protected":false},"excerpt":{"rendered":"<p>Guayaquil.- Con el objetivo de brindar un servicio de salud integral, de calidad y a bajo costo, la Arquidi\u00f3cesis de Guayaquil a trav\u00e9s de su Red de Dispensarios M\u00e9dicos (REDIMA), inaugurar\u00e1 el pr\u00f3ximo mi\u00e9rcoles 25 de marzo a las 15h00 locales (20h00 GMT) el nuevo centro de especialidades \u201cMar\u00eda Madre de Guayaquil\u201d, ubicado en las [&hellip;]<\/p>\n","protected":false},"author":2,"featured_media":49630,"comment_status":"open","ping_status":"closed","sticky":false,"template":"","format":"standard","meta":{"_jetpack_memberships_contains_paid_content":false,"footnotes":""},"categories":[33,13],"tags":[225,8190,8189],"class_list":["post-49621","post","type-post","status-publish","format-standard","has-post-thumbnail","hentry","category-guayaquil","category-noticias-nacionales","tag-arquidiocesis-de-guayaquil","tag-maria-madre-de-guayaquil","tag-red-de-dispensarios-medicos"],"jetpack_featured_media_url":"https:\/\/radiocresatelital.com\/wp-content\/uploads\/2026\/03\/WhatsApp-Image-2026-03-23-at-15.35.59.jpeg","jetpack_sharing_enabled":true,"_links":{"self":[{"href":"https:\/\/radiocresatelital.com\/index.php?rest_route=\/wp\/v2\/posts\/49621","targetHints":{"allow":["GET"]}}],"collection":[{"href":"https:\/\/radiocresatelital.com\/index.php?rest_route=\/wp\/v2\/posts"}],"about":[{"href":"https:\/\/radiocresatelital.com\/index.php?rest_route=\/wp\/v2\/types\/post"}],"author":[{"embeddable":true,"href":"https:\/\/radiocresatelital.com\/index.php?rest_route=\/wp\/v2\/users\/2"}],"replies":[{"embeddable":true,"href":"https:\/\/radiocresatelital.com\/index.php?rest_route=%2Fwp%2Fv2%2Fcomments&post=49621"}],"version-history":[{"count":1,"href":"https:\/\/radiocresatelital.com\/index.php?rest_route=\/wp\/v2\/posts\/49621\/revisions"}],"predecessor-version":[{"id":49623,"href":"https:\/\/radiocresatelital.com\/index.php?rest_route=\/wp\/v2\/posts\/49621\/revisions\/49623"}],"wp:featuredmedia":[{"embeddable":true,"href":"https:\/\/radiocresatelital.com\/index.php?rest_route=\/wp\/v2\/media\/49630"}],"wp:attachment":[{"href":"https:\/\/radiocresatelital.com\/index.php?rest_route=%2Fwp%2Fv2%2Fmedia&parent=49621"}],"wp:term":[{"taxonomy":"category","embeddable":true,"href":"https:\/\/radiocresatelital.com\/index.php?rest_route=%2Fwp%2Fv2%2Fcategories&post=49621"},{"taxonomy":"post_tag","embeddable":true,"href":"https:\/\/radiocresatelital.com\/index.php?rest_route=%2Fwp%2Fv2%2Ftags&post=49621"}],"curies":[{"name":"wp","href":"https:\/\/api.w.org\/{rel}","templated":true}]}}