{"id":49615,"date":"2026-03-23T20:17:38","date_gmt":"2026-03-23T20:17:38","guid":{"rendered":"https:\/\/radiocresatelital.com\/?p=49615"},"modified":"2026-03-23T20:17:38","modified_gmt":"2026-03-23T20:17:38","slug":"duran-impulsa-la-integracion-por-la-paz-con-la-peatonalizacion-de-la-av-samuel-cisneros","status":"publish","type":"post","link":"https:\/\/radiocresatelital.com\/?p=49615","title":{"rendered":"Dur\u00e1n impulsa la integraci\u00f3n por la Paz con la peatonalizaci\u00f3n de la Av. Samuel Cisneros"},"content":{"rendered":"<p>Dur\u00e1n.- El Municipio de Dur\u00e1n promueve la peatonalizaci\u00f3n de la Av. Samuel Cisneros, una iniciativa que se desarroll\u00f3 a partir de este domingo 22 de marzo, en el horario de 08h00 a 12h00 locales (13h00 a 17h00 GMT), desde la intersecci\u00f3n de la Av. Nicol\u00e1s Lapentti hasta la Av. Amazonas y cont\u00f3 con la visita de aproximadamente 1000 ciudadanos, y que se extender\u00e1 durante cuatro fines de semana consecutivos como parte de una estrategia de recuperaci\u00f3n de espacios p\u00fablicos e integraci\u00f3n ciudadana.<\/p>\n<p>Este proyecto tuvo como objetivo fomentar la convivencia pac\u00edfica y fortalecer el tejido social del cant\u00f3n, transformando temporalmente este importante eje vial en un punto de encuentro para las familias<br \/>\ndurane\u00f1as.<\/p>\n<p>Durante cada jornada, la ciudadan\u00eda podr\u00e1 disfrutar de una variada agenda de actividades que incluyen ferias de emprendedores gastron\u00f3micos y de art\u00edculos varios, ciclov\u00eda, presentaciones art\u00edsticas y una feria de servicios municipales, donde distintas dependencias brindar\u00e1n atenci\u00f3n directa a la comunidad.<\/p>\n<p>La iniciativa tambi\u00e9n busc\u00f3 dinamizar la econom\u00eda local, brindando oportunidades a emprendedores para exhibir y comercializar sus productos, al tiempo que promueve h\u00e1bitos saludables y el uso<br \/>\nresponsable del espacio p\u00fablico.<\/p>\n<p>Con esta acci\u00f3n, el Municipio reafirma su compromiso de trabajar por una ciudad m\u00e1s segura, inclusiva y participativa, donde la paz se construye a trav\u00e9s de la uni\u00f3n de sus ciudadanos y el acceso a espacios que promuevan el bienestar colectivo.<\/p>\n<p>Se invita a toda la ciudadan\u00eda a ser parte de esta jornada que marcar\u00e1 un paso importante hacia la construcci\u00f3n de una cultura de paz en Dur\u00e1n.<\/p>\n","protected":false},"excerpt":{"rendered":"<p>Dur\u00e1n.- El Municipio de Dur\u00e1n promueve la peatonalizaci\u00f3n de la Av. Samuel Cisneros, una iniciativa que se desarroll\u00f3 a partir de este domingo 22 de marzo, en el horario de 08h00 a 12h00 locales (13h00 a 17h00 GMT), desde la intersecci\u00f3n de la Av. Nicol\u00e1s Lapentti hasta la Av. Amazonas y cont\u00f3 con la visita [&hellip;]<\/p>\n","protected":false},"author":2,"featured_media":49616,"comment_status":"open","ping_status":"closed","sticky":false,"template":"","format":"standard","meta":{"_jetpack_memberships_contains_paid_content":false,"footnotes":""},"categories":[13],"tags":[1420],"class_list":["post-49615","post","type-post","status-publish","format-standard","has-post-thumbnail","hentry","category-noticias-nacionales","tag-municipio-de-duran"],"jetpack_featured_media_url":"https:\/\/radiocresatelital.com\/wp-content\/uploads\/2026\/03\/WhatsApp-Image-2026-03-23-at-15.11.53.jpeg","jetpack_sharing_enabled":true,"_links":{"self":[{"href":"https:\/\/radiocresatelital.com\/index.php?rest_route=\/wp\/v2\/posts\/49615","targetHints":{"allow":["GET"]}}],"collection":[{"href":"https:\/\/radiocresatelital.com\/index.php?rest_route=\/wp\/v2\/posts"}],"about":[{"href":"https:\/\/radiocresatelital.com\/index.php?rest_route=\/wp\/v2\/types\/post"}],"author":[{"embeddable":true,"href":"https:\/\/radiocresatelital.com\/index.php?rest_route=\/wp\/v2\/users\/2"}],"replies":[{"embeddable":true,"href":"https:\/\/radiocresatelital.com\/index.php?rest_route=%2Fwp%2Fv2%2Fcomments&post=49615"}],"version-history":[{"count":1,"href":"https:\/\/radiocresatelital.com\/index.php?rest_route=\/wp\/v2\/posts\/49615\/revisions"}],"predecessor-version":[{"id":49617,"href":"https:\/\/radiocresatelital.com\/index.php?rest_route=\/wp\/v2\/posts\/49615\/revisions\/49617"}],"wp:featuredmedia":[{"embeddable":true,"href":"https:\/\/radiocresatelital.com\/index.php?rest_route=\/wp\/v2\/media\/49616"}],"wp:attachment":[{"href":"https:\/\/radiocresatelital.com\/index.php?rest_route=%2Fwp%2Fv2%2Fmedia&parent=49615"}],"wp:term":[{"taxonomy":"category","embeddable":true,"href":"https:\/\/radiocresatelital.com\/index.php?rest_route=%2Fwp%2Fv2%2Fcategories&post=49615"},{"taxonomy":"post_tag","embeddable":true,"href":"https:\/\/radiocresatelital.com\/index.php?rest_route=%2Fwp%2Fv2%2Ftags&post=49615"}],"curies":[{"name":"wp","href":"https:\/\/api.w.org\/{rel}","templated":true}]}}