{"id":49603,"date":"2026-03-23T19:46:09","date_gmt":"2026-03-23T19:46:09","guid":{"rendered":"https:\/\/radiocresatelital.com\/?p=49603"},"modified":"2026-03-23T19:46:09","modified_gmt":"2026-03-23T19:46:09","slug":"gran-minga-nacional-contra-el-dengue-gobierno-nacional-movilizo-mas-de-19-mil-personas-en-brigadas-de-prevencion","status":"publish","type":"post","link":"https:\/\/radiocresatelital.com\/?p=49603","title":{"rendered":"Gran Minga Nacional contra el dengue: Gobierno Nacional moviliz\u00f3 m\u00e1s de 19 mil personas en brigadas de prevenci\u00f3n"},"content":{"rendered":"<p>Tena.-\u00a0Con la consigna \u00abCuando la comunidad act\u00faa, el dengue se detiene\u00bb, el Gobierno del Nuevo Ecuador desarroll\u00f3, este viernes 20 de marzo de 2026, la Gran Minga Nacional contra el Dengue 2026. El evento central, liderado por las autoridades de salud, se efectu\u00f3 en el barrio Eloy Alfaro de la ciudad de Tena, provincia que registr\u00f3 la tasa de incidencia m\u00e1s alta de casos en 2025.<\/p>\n<p>Esta movilizaci\u00f3n masiva es parte del Plan Nacional contra el Dengue, una hoja de ruta t\u00e9cnica que ha permitido reducir la incidencia de la enfermedad en un 56,82% en lo que va de 2026, en comparaci\u00f3n al mismo periodo del a\u00f1o anterior. Actualmente, el pa\u00eds registra 4.565 casos en la semana epidemiol\u00f3gica 10, mayor incidencia de casos en mujeres de 20 a 49 a\u00f1os.<\/p>\n<p>Bajo el liderazgo de la Vicepresidenta de la Rep\u00fablica, Mar\u00eda Jos\u00e9 Pinto, se han movilizado recursos y talento humano de manera prioritaria para frenar la transmisi\u00f3n del dengue con un gran despliegue territorial.<\/p>\n<p>La Minga activ\u00f3 1.188 funcionarios de salud y 1.307 ciudadanos de varios sectores sociales. En m\u00e1s de 30 puntos de concentraci\u00f3n se realizaron actividades simult\u00e1neas abarcando\u00a0 las nueve coordinaciones zonales. Las ciudades en las que se hicieron estas acciones fueron: Nueva Loja, Tena, Puyo, Portoviejo, Vinces, Suc\u00faa, Yantzaza, Guayaquil y Quito, nueve Coordinaciones Zonales.<\/p>\n<p>La implementaci\u00f3n de la minga cont\u00f3 con 329 brigadas de al menos 5 personas para la visita de los 1.121 sectores y\/o manzanas en las parroquias, barrios, recintos, comunidades para el control f\u00edsico y detecci\u00f3n de casos sospechosos. \u00a0Asimismo, se coordin\u00f3 con personal de los Gobiernos Aut\u00f3nomos Descentralizados (GAD) locales para la recolecci\u00f3n de llantas, botellas y escombros que acumulen agua. Se logr\u00f3 recolectar 2.162 llantas y la destrucci\u00f3n de aproximadamente 18 mil dep\u00f3sitos destruidos.<\/p>\n<p>Lucy Balde\u00f3n, viceministra de Salud, inaugur\u00f3 la actividad en Tena y afirm\u00f3 que la minga es un pilar fundamental de la identidad local y la herramienta m\u00e1s poderosa en esta lucha. \u201cHoy estamos en Tena unidos por un prop\u00f3sito com\u00fan: cuidar la vida y la salud de nuestras comunidades y familias. La minga es trabajo colectivo y compromiso; hoy esa fuerza est\u00e1 al servicio de la lucha contra el dengue\u201d, se\u00f1al\u00f3.<\/p>\n<p>En un emotivo llamado a la corresponsabilidad ciudadana Patricia Amores, presidenta del Barrio Eloy Alfaro. \u201cCualquier descuido en nuestros patios, llantas o baldes puede convertirse en un riesgo para la vida. Hoy levantamos la voz como barrio para decir: \u00a1basta de dengue!\u201d, enfatiz\u00f3 Amores.<\/p>\n<p>El personal de salud explic\u00f3 a las familias sobre el correcto almacenamiento de agua de consumo humano; revisi\u00f3n permanente de los dep\u00f3sitos con agua. El vaciamiento y\/o eliminaci\u00f3n de recipientes que puedan almacenar agua; as\u00ed como el lavado adecuado de los recipientes donde se recoge agua. Todas estas acciones contribuyen a mejorar conocimientos, actitudes y pr\u00e1cticas frente a la prevenci\u00f3n del dengue de alrededor de 16.811 personas que recibieron las charlas.<\/p>\n<p>Ante la presencia de s\u00edntomas, el MSP exhorta a la ciudadan\u00eda a no automedicarse y acudir de inmediato al centro de salud m\u00e1s cercano.<\/p>\n<p>El Nuevo Ecuador se construye con prevenci\u00f3n, con t\u00e9cnica y, sobre todo, con la voluntad pol\u00edtica de un Presidente que pone la vida de los ciudadanos por encima de todo. Con este Plan y la Gran Minga 2026, damos un paso firme hacia un pa\u00eds m\u00e1s sano y seguro para todos.<\/p>\n<p><strong>Datos adicionales del Plan Nacional contra el Dengue<\/strong><\/p>\n<ul>\n<li>El Plan actual se basa en la estratificaci\u00f3n territorial del riesgo, priorizando 38 parroquias cr\u00edticas que concentraron el 40% de los casos en 2025.<\/li>\n<li>Estas provincias que se encuentran en la regi\u00f3n costa y amaz\u00f3nica, son un total de 11 y abarcan un aproximado de 10.135.487 habitantes seg\u00fan el Censo poblacional INEC.<\/li>\n<li>Es una intervenci\u00f3n integral en 1.532 localidades cr\u00edticas en provincias como Esmeraldas, Guayas, Manab\u00ed y El Oro.<\/li>\n<\/ul>\n","protected":false},"excerpt":{"rendered":"<p>Tena.-\u00a0Con la consigna \u00abCuando la comunidad act\u00faa, el dengue se detiene\u00bb, el Gobierno del Nuevo Ecuador desarroll\u00f3, este viernes 20 de marzo de 2026, la Gran Minga Nacional contra el Dengue 2026. El evento central, liderado por las autoridades de salud, se efectu\u00f3 en el barrio Eloy Alfaro de la ciudad de Tena, provincia que [&hellip;]<\/p>\n","protected":false},"author":2,"featured_media":49604,"comment_status":"open","ping_status":"closed","sticky":false,"template":"","format":"standard","meta":{"_jetpack_memberships_contains_paid_content":false,"footnotes":""},"categories":[13],"tags":[8183,8184,8185],"class_list":["post-49603","post","type-post","status-publish","format-standard","has-post-thumbnail","hentry","category-noticias-nacionales","tag-cuando-la-comunidad-actua","tag-el-dengue-se-detiene","tag-gran-minga-nacional-contra-el-dengue-2026"],"jetpack_featured_media_url":"https:\/\/radiocresatelital.com\/wp-content\/uploads\/2026\/03\/WhatsApp-Image-2026-03-23-at-08.17.50-1-1536x864-1.jpeg","jetpack_sharing_enabled":true,"_links":{"self":[{"href":"https:\/\/radiocresatelital.com\/index.php?rest_route=\/wp\/v2\/posts\/49603","targetHints":{"allow":["GET"]}}],"collection":[{"href":"https:\/\/radiocresatelital.com\/index.php?rest_route=\/wp\/v2\/posts"}],"about":[{"href":"https:\/\/radiocresatelital.com\/index.php?rest_route=\/wp\/v2\/types\/post"}],"author":[{"embeddable":true,"href":"https:\/\/radiocresatelital.com\/index.php?rest_route=\/wp\/v2\/users\/2"}],"replies":[{"embeddable":true,"href":"https:\/\/radiocresatelital.com\/index.php?rest_route=%2Fwp%2Fv2%2Fcomments&post=49603"}],"version-history":[{"count":1,"href":"https:\/\/radiocresatelital.com\/index.php?rest_route=\/wp\/v2\/posts\/49603\/revisions"}],"predecessor-version":[{"id":49605,"href":"https:\/\/radiocresatelital.com\/index.php?rest_route=\/wp\/v2\/posts\/49603\/revisions\/49605"}],"wp:featuredmedia":[{"embeddable":true,"href":"https:\/\/radiocresatelital.com\/index.php?rest_route=\/wp\/v2\/media\/49604"}],"wp:attachment":[{"href":"https:\/\/radiocresatelital.com\/index.php?rest_route=%2Fwp%2Fv2%2Fmedia&parent=49603"}],"wp:term":[{"taxonomy":"category","embeddable":true,"href":"https:\/\/radiocresatelital.com\/index.php?rest_route=%2Fwp%2Fv2%2Fcategories&post=49603"},{"taxonomy":"post_tag","embeddable":true,"href":"https:\/\/radiocresatelital.com\/index.php?rest_route=%2Fwp%2Fv2%2Ftags&post=49603"}],"curies":[{"name":"wp","href":"https:\/\/api.w.org\/{rel}","templated":true}]}}