{"id":49600,"date":"2026-03-23T19:43:11","date_gmt":"2026-03-23T19:43:11","guid":{"rendered":"https:\/\/radiocresatelital.com\/?p=49600"},"modified":"2026-03-23T19:43:11","modified_gmt":"2026-03-23T19:43:11","slug":"presidente-daniel-noboa-anuncia-obras-y-acciones-para-esmeraldas-un-nuevo-parque-impulso-productivo-becas-y-viviendas","status":"publish","type":"post","link":"https:\/\/radiocresatelital.com\/?p=49600","title":{"rendered":"Presidente Daniel Noboa anuncia obras y acciones para Esmeraldas: Un nuevo parque, impulso productivo, becas y viviendas"},"content":{"rendered":"<p>Esmeraldas. \u2013 Esmeraldas volvi\u00f3 a estar en el centro de la acci\u00f3n del Gobierno Nacional. Este 23 de marzo, durante su agenda en esta provincia, el Presidente de la Rep\u00fablica, Daniel Noboa Azin, anunci\u00f3 obras y acciones orientadas a saldar una deuda hist\u00f3rica con las y los esmeralde\u00f1os: la inversi\u00f3n y recuperaci\u00f3n de espacios p\u00fablicos, recursos para pueblos y nacionalidades, apoyo al sector productivo<br \/>\ny pesquero, y la proyecci\u00f3n de nuevas viviendas de inter\u00e9s social.<\/p>\n<p>\u201cEstamos corrigiendo ese pasado injusto que los dej\u00f3 fuera de la atenci\u00f3n del Estado y lo hacemos aqu\u00ed en territorio junto a ustedes (\u2026). Los esmeralde\u00f1os necesitan un Gobierno que apoye a las familias y les d\u00e9 las herramientas para que puedan salir adelante\u201d, sostuvo el Mandatario durante su intervenci\u00f3n.<\/p>\n<p><strong>Parque Tachina: recuperaci\u00f3n del territorio con obra p\u00fablica visible<\/strong><br \/>\nEl Ministerio de Infraestructura y Transporte (MIT) y el Gobierno Aut\u00f3nomo Descentralizado Provincial establecieron un acuerdo para ejecutar la segunda fase del proyecto Construcci\u00f3n del Parque de Tachina, cant\u00f3n Esmeraldas. El prop\u00f3sito es fortalecer el tejido comunitario, recuperar espacios seguros y aportar a la dignidad y al bienestar colectivo de las familias.<\/p>\n<p>\u201cHoy iniciamos la construcci\u00f3n del Parque Tachina, donde invertimos m\u00e1s de USD 9 millones para transformar 5 hect\u00e1reas en un espacio digno y seguro para su comunidad\u201d, indic\u00f3 el presidente Noboa.<\/p>\n<p>Esta segunda fase contempla la construcci\u00f3n del parque, con una inversi\u00f3n de m\u00e1s de USD 6.6 millones colocados a trav\u00e9s del MIT. Mientras que la primera fase, correspondiente al movimiento de tierras, tuvo un costo de alrededor de USD 2.4 millones.<\/p>\n<p>El proyecto incluir\u00e1 canchas, \u00e1reas infantiles, pista atl\u00e9tica y espacios para actividades culturales y gastron\u00f3micas, pensados para promover la convivencia, la recreaci\u00f3n y la integraci\u00f3n de la comunidad.<\/p>\n<p><strong>El Gobierno construir\u00e1 viviendas en Esmeraldas a trav\u00e9s del proyecto Casa 100<\/strong><\/p>\n<p>Durante el acto, se anunci\u00f3 la donaci\u00f3n de 4,5 hect\u00e1reas de terreno destinadas a la construcci\u00f3n de viviendas de inter\u00e9s social, en el marco del programa Casa 100, impulsado por el presidente Daniel Noboa. Para viabilizar este proyecto, la Prefectura de Esmeraldas entreg\u00f3 el terreno al Ministerio de Infraestructura y Transporte, lo que permitir\u00e1 avanzar en la meta de 200.000 soluciones habitacionales promovidas por el<br \/>\nGobierno Nacional y contribuir a la reducci\u00f3n del d\u00e9ficit de vivienda en el pa\u00eds.<\/p>\n<p>\u201cFirmamos el convenio para construir viviendas gratuitas en la parroquia San Mateo (\u2026). Con ello, ustedes dejar\u00e1n de pagar arriendo y dormir\u00e1n bajo un techo seguro protegiendo a sus hijos. Este es el a\u00f1o de la construcci\u00f3n y Esmeraldas no se puede quedar afuera\u201d, asever\u00f3 el Jefe de Estado.<\/p>\n<p><strong>Impulso al agro y a la pesca artesanal en la provincia<\/strong><\/p>\n<p>Asimismo, durante el evento se suscribi\u00f3 un convenio de cooperaci\u00f3n interinstitucional entre el Ministerio de Agricultura, Ganader\u00eda y Pesca y la Prefectura, para fortalecer e impulsar la cadena productiva de la pesca artesanal en la provincia de Esmeraldas. En ese sentido, ambas instituciones implementar\u00e1n acciones, servicios y procesos de manera coordinada para el fomento productivo y el desarrollo territorial.<\/p>\n<p>Adem\u00e1s, en atenci\u00f3n al sector agropecuario, se entregaron dos tractores agr\u00edcolas con una inversi\u00f3n superior a USD 84.000, en beneficio de 100 productores; y 20 paquetes agr\u00edcolas para el cultivo de cacao.<\/p>\n<p>Tambi\u00e9n se otorgaron 18 t\u00edtulos de propiedad en la parroquia Tonchig\u00fce, sector La Tablada, que beneficiaron directamente a 18 productores; una personer\u00eda jur\u00eddica a la Asociaci\u00f3n de Productores Agr\u00edcolas del Vergel, conformada por 40 socios; y 30 registros de Agricultura Familiar Campesina a productores del cant\u00f3n Atacames.<\/p>\n<p><strong>Recursos y becas para pueblos y nacionalidades de Esmeraldas<\/strong><\/p>\n<p>Por otro lado, mediante la Secretar\u00eda de Gesti\u00f3n y Desarrollo de Pueblos y Nacionalidades, el Gobierno Nacional anunci\u00f3 la entrega de USD 1,2 millones para la ejecuci\u00f3n de subproyectos dirigidos a pueblos y nacionalidades de la provincia. El prop\u00f3sito es fortalecer la econom\u00eda comunitaria, dinamizar la producci\u00f3n local y promover oportunidades de desarrollo en territorios hist\u00f3ricamente postergados.<\/p>\n<p>Los subproyectos est\u00e1n orientados al impulso de actividades productivas, pesqueras, tur\u00edsticas y agroindustriales. Entre ellos constan iniciativas para fortalecer la producci\u00f3n y comercializaci\u00f3n de pan artesanal ,manteca y cacao; repotenciar infraestructura y equipamiento para plantas procesadoras de mariscos; dotar de maquinaria y equipos a organizaciones de pesca artesanal sostenible; implementar centros de acopio comunitario; fortalecer asociaciones; impulsar biof\u00e1bricas para fertilizantes org\u00e1nicos;<br \/>\nmejorar la producci\u00f3n de cacao fino de aroma; e incentivar el turismo comunitario mediante el mejoramiento de infraestructura local.<\/p>\n<p>Esta acci\u00f3n beneficiar\u00e1 a 40.700 personas de parroquias rurales como Camarones, Rioverde, La Tola, San Mateo, Telemb\u00ed, Quingue, Carondelet, Malimpia, Lagarto y Daule.<\/p>\n<p>En este mismo marco, se inform\u00f3 que cerca de 4.000 becas PIAM se destinar\u00e1n exclusivamente a Esmeraldas, en coordinaci\u00f3n con la Universidad Metropolitana del Ecuador (UMET), en \u00e1reas como marketing, emprendimiento, turismo y administraci\u00f3n.<\/p>\n<p>Este programa de educaci\u00f3n continua fue dise\u00f1ado para potenciar o generar emprendimientos productivos, tur\u00edsticos y artesanales.<\/p>\n<p>El presidente Daniel Noboa reiter\u00f3 que, el compromiso con Esmeraldas se sostiene mediante obras concretas y atenci\u00f3n permanente a las necesidades de la provincia. Record\u00f3 que ya se intervinieron puntos cr\u00edticos en las v\u00edas E15 y E20, se ejecutaron inversiones en agua potable en Muisne y se avanz\u00f3 en la rehabilitaci\u00f3n vial de Chontaduro a Chumund\u00e9.<\/p>\n<p>Adem\u00e1s, resalt\u00f3 que se preparan nuevas obras, como la reconstrucci\u00f3n de la carretera Roto Cube, el edificio municipal de Atacames y la repotenciaci\u00f3n de las estaciones de bombeo sanitario para las parroquias de Atacames y Tonsupa. \u201cEsta es mi obligaci\u00f3n y lo voy a cumplir, vamos a poner al d\u00eda Esmeraldas\u201d, concluy\u00f3 el Mandatario.<\/p>\n","protected":false},"excerpt":{"rendered":"<p>Esmeraldas. \u2013 Esmeraldas volvi\u00f3 a estar en el centro de la acci\u00f3n del Gobierno Nacional. Este 23 de marzo, durante su agenda en esta provincia, el Presidente de la Rep\u00fablica, Daniel Noboa Azin, anunci\u00f3 obras y acciones orientadas a saldar una deuda hist\u00f3rica con las y los esmeralde\u00f1os: la inversi\u00f3n y recuperaci\u00f3n de espacios p\u00fablicos, [&hellip;]<\/p>\n","protected":false},"author":2,"featured_media":49601,"comment_status":"open","ping_status":"closed","sticky":false,"template":"","format":"standard","meta":{"_jetpack_memberships_contains_paid_content":false,"footnotes":""},"categories":[13],"tags":[1322],"class_list":["post-49600","post","type-post","status-publish","format-standard","has-post-thumbnail","hentry","category-noticias-nacionales","tag-presidente-daniel-noboa"],"jetpack_featured_media_url":"https:\/\/radiocresatelital.com\/wp-content\/uploads\/2026\/03\/55164513358_c28d006780_c.jpg","jetpack_sharing_enabled":true,"_links":{"self":[{"href":"https:\/\/radiocresatelital.com\/index.php?rest_route=\/wp\/v2\/posts\/49600","targetHints":{"allow":["GET"]}}],"collection":[{"href":"https:\/\/radiocresatelital.com\/index.php?rest_route=\/wp\/v2\/posts"}],"about":[{"href":"https:\/\/radiocresatelital.com\/index.php?rest_route=\/wp\/v2\/types\/post"}],"author":[{"embeddable":true,"href":"https:\/\/radiocresatelital.com\/index.php?rest_route=\/wp\/v2\/users\/2"}],"replies":[{"embeddable":true,"href":"https:\/\/radiocresatelital.com\/index.php?rest_route=%2Fwp%2Fv2%2Fcomments&post=49600"}],"version-history":[{"count":1,"href":"https:\/\/radiocresatelital.com\/index.php?rest_route=\/wp\/v2\/posts\/49600\/revisions"}],"predecessor-version":[{"id":49602,"href":"https:\/\/radiocresatelital.com\/index.php?rest_route=\/wp\/v2\/posts\/49600\/revisions\/49602"}],"wp:featuredmedia":[{"embeddable":true,"href":"https:\/\/radiocresatelital.com\/index.php?rest_route=\/wp\/v2\/media\/49601"}],"wp:attachment":[{"href":"https:\/\/radiocresatelital.com\/index.php?rest_route=%2Fwp%2Fv2%2Fmedia&parent=49600"}],"wp:term":[{"taxonomy":"category","embeddable":true,"href":"https:\/\/radiocresatelital.com\/index.php?rest_route=%2Fwp%2Fv2%2Fcategories&post=49600"},{"taxonomy":"post_tag","embeddable":true,"href":"https:\/\/radiocresatelital.com\/index.php?rest_route=%2Fwp%2Fv2%2Ftags&post=49600"}],"curies":[{"name":"wp","href":"https:\/\/api.w.org\/{rel}","templated":true}]}}