{"id":49597,"date":"2026-03-23T19:29:54","date_gmt":"2026-03-23T19:29:54","guid":{"rendered":"https:\/\/radiocresatelital.com\/?p=49597"},"modified":"2026-03-23T19:29:54","modified_gmt":"2026-03-23T19:29:54","slug":"programas-intensivos-de-bachillerato-y-educacion-basica-impulsados-por-la-prefectura-garantizan-la-continuidad-de-los-estudios-de-1-900-guayasenses","status":"publish","type":"post","link":"https:\/\/radiocresatelital.com\/?p=49597","title":{"rendered":"Programas intensivos de Bachillerato y Educaci\u00f3n B\u00e1sica, impulsados por la Prefectura, garantizan la continuidad de los estudios de 1.900 guayasenses"},"content":{"rendered":"<p>Guayaquil.- Gran parte de los inscritos en 2026, reside en Guayaquil y Daule. La modalidad acelerada, 100% virtual, permite cursar un a\u00f1o lectivo en 4 meses (B\u00e1sica) y 5 meses (Bachillerato). Los programas de formaci\u00f3n acad\u00e9mica, gestionados a trav\u00e9s de la Direcci\u00f3n de Deporte y Educaci\u00f3n, del Direcci\u00f3n de Deporte y Educaci\u00f3n, liderado por la prefecta Marcela Agui\u00f1aga, registran actualmente 1.900 ciudadanos inscritos.<\/p>\n<p>Del total, 950 corresponden al nivel de Bachillerato y 940 al programa de Educaci\u00f3n B\u00e1sica, ambos en modalidad acelerada. La aceptaci\u00f3n es masiva en zonas urbanas y rurales, siendo Guayaquil y Daule, los cantones con mayor n\u00famero de beneficiarios, destacando, adem\u00e1s, parroquias rurales como Limonal.<\/p>\n<p>Diego Aguirre, subdirector de Educaci\u00f3n de la Instituci\u00f3n Provincial, se\u00f1al\u00f3 que, tras el an\u00e1lisis de la informaci\u00f3n en territorio, se identific\u00f3 la urgencia de \u201cpoder darles esa segunda oportunidad para que cada uno de los guayasenses que no han culminado sus estudios, lo puedan hacer de manera exitosa\u201d.<\/p>\n<p>Para garantizar la permanencia de los estudiantes, la Prefectura dise\u00f1\u00f3 un esquema 100% virtual, con horarios nocturnos los d\u00edas viernes. Esta flexibilidad permite que los usuarios, quienes en su mayor\u00eda cumplen roles laborales o familiares, no interrumpan actividades con las cuales generan ingresos y dedican tiempo en sus hogares. Aguirre destac\u00f3 que la ventaja del proyecto es que, los ciudadanos puedan avanzar en sus estudios \u201csin descuidar sus dem\u00e1s actividades diarias.<\/p>\n<p>Esa es una de las ventajas que ofrece este programa\u201d. En este caso, las sesiones de acompa\u00f1amiento quedan grabadas en la plataforma para consulta diferida. En cuanto al rigor acad\u00e9mico, el contenido se enfoca en \u00e1reas medulares como Lengua y Literatura, Matem\u00e1ticas, Ciencias Sociales y Ciencias Naturales. La metodolog\u00eda, desarrollada junto a cooperantes como la Universidad Cat\u00f3lica de Guayaquil y la Unidad Educativa Santiago Mayor, permite cursar un a\u00f1o de estudios, en cuatro meses para B\u00e1sica y cinco meses para Bachillerato.<\/p>\n<p>El subdirector Aguirre, resalta que esta estructura t\u00e9cnica \u201cpermite poder llevar a cabo cada una de las asignaturas, ofreciendo diferentes actividades dentro de la plataforma que complementan el conocimiento\u201d. El cronograma oficial se inici\u00f3 en febrero para los niveles de octavo de b\u00e1sica y primero de bachillerato.<\/p>\n<p>El resto de los estudiantes se incorporar\u00e1 de manera progresiva, conforme avance el calendario acad\u00e9mico institucional. Esta ampliaci\u00f3n de la oferta educativa, que ahora incluye el nivel b\u00e1sico, surge tras el \u00e9xito de la primera promoci\u00f3n de bachilleres de la Prefectura.<\/p>\n<p>Al culminar los niveles respectivos, tanto en el nivel b\u00e1sico, como en bachillerato, los estudiantes recibir\u00e1n certificados avalados por el Ministerio de Educaci\u00f3n y la instituci\u00f3n cooperante. De esta manera, el Gobierno Provincial reafirma su compromiso de brindar herramientas, para el futuro profesional de los guayasenses.<\/p>\n","protected":false},"excerpt":{"rendered":"<p>Guayaquil.- Gran parte de los inscritos en 2026, reside en Guayaquil y Daule. La modalidad acelerada, 100% virtual, permite cursar un a\u00f1o lectivo en 4 meses (B\u00e1sica) y 5 meses (Bachillerato). Los programas de formaci\u00f3n acad\u00e9mica, gestionados a trav\u00e9s de la Direcci\u00f3n de Deporte y Educaci\u00f3n, del Direcci\u00f3n de Deporte y Educaci\u00f3n, liderado por la [&hellip;]<\/p>\n","protected":false},"author":2,"featured_media":49598,"comment_status":"open","ping_status":"closed","sticky":false,"template":"","format":"standard","meta":{"_jetpack_memberships_contains_paid_content":false,"footnotes":""},"categories":[13],"tags":[8182],"class_list":["post-49597","post","type-post","status-publish","format-standard","has-post-thumbnail","hentry","category-noticias-nacionales","tag-direccion-de-deporte-y-educacion"],"jetpack_featured_media_url":"https:\/\/radiocresatelital.com\/wp-content\/uploads\/2026\/03\/WhatsApp-Image-2026-03-23-at-14.24.12.jpeg","jetpack_sharing_enabled":true,"_links":{"self":[{"href":"https:\/\/radiocresatelital.com\/index.php?rest_route=\/wp\/v2\/posts\/49597","targetHints":{"allow":["GET"]}}],"collection":[{"href":"https:\/\/radiocresatelital.com\/index.php?rest_route=\/wp\/v2\/posts"}],"about":[{"href":"https:\/\/radiocresatelital.com\/index.php?rest_route=\/wp\/v2\/types\/post"}],"author":[{"embeddable":true,"href":"https:\/\/radiocresatelital.com\/index.php?rest_route=\/wp\/v2\/users\/2"}],"replies":[{"embeddable":true,"href":"https:\/\/radiocresatelital.com\/index.php?rest_route=%2Fwp%2Fv2%2Fcomments&post=49597"}],"version-history":[{"count":1,"href":"https:\/\/radiocresatelital.com\/index.php?rest_route=\/wp\/v2\/posts\/49597\/revisions"}],"predecessor-version":[{"id":49599,"href":"https:\/\/radiocresatelital.com\/index.php?rest_route=\/wp\/v2\/posts\/49597\/revisions\/49599"}],"wp:featuredmedia":[{"embeddable":true,"href":"https:\/\/radiocresatelital.com\/index.php?rest_route=\/wp\/v2\/media\/49598"}],"wp:attachment":[{"href":"https:\/\/radiocresatelital.com\/index.php?rest_route=%2Fwp%2Fv2%2Fmedia&parent=49597"}],"wp:term":[{"taxonomy":"category","embeddable":true,"href":"https:\/\/radiocresatelital.com\/index.php?rest_route=%2Fwp%2Fv2%2Fcategories&post=49597"},{"taxonomy":"post_tag","embeddable":true,"href":"https:\/\/radiocresatelital.com\/index.php?rest_route=%2Fwp%2Fv2%2Ftags&post=49597"}],"curies":[{"name":"wp","href":"https:\/\/api.w.org\/{rel}","templated":true}]}}