{"id":49591,"date":"2026-03-23T19:15:13","date_gmt":"2026-03-23T19:15:13","guid":{"rendered":"https:\/\/radiocresatelital.com\/?p=49591"},"modified":"2026-03-23T19:15:22","modified_gmt":"2026-03-23T19:15:22","slug":"300-ciclistas-desafiaron-42-km-de-alta-exigencia-en-chongon","status":"publish","type":"post","link":"https:\/\/radiocresatelital.com\/?p=49591","title":{"rendered":"300 ciclistas desafiaron 42 km de alta exigencia en Chong\u00f3n"},"content":{"rendered":"<p>Guayaquil.- Un exigente circuito, terreno desafiante y alta intensidad marcaron la jornada de la competencia \u201cLa Lodisa 3\u201d, que reuni\u00f3 a 300 ciclistas en la comuna San Pedro de Chong\u00f3n, en un evento que combin\u00f3 deporte, resistencia y conexi\u00f3n con la naturaleza.<\/p>\n<p>Durante aproximadamente cuatro horas, entre las 09h00 y las 13h00 locales (14h00 y las 18h00 GMT), hombres y mujeres se enfrentaron a un recorrido de 42 kil\u00f3metros, distribuidos en 10 categor\u00edas, poniendo a prueba su preparaci\u00f3n f\u00edsica y mental en uno de los escenarios naturales m\u00e1s retadores del cant\u00f3n.<\/p>\n<p>Cada categor\u00eda premi\u00f3 a 10 participantes, destacando el desempe\u00f1o de los primeros lugares en distintas divisiones: en \u00c9lite Damas, Erika Jim\u00e9nez, de Milagro; en \u00c9lite Varones, Javier Romero, de Guayaquil; en M\u00e1ster Damas A, Karen Cede\u00f1o, de Manta; en M\u00e1ster Varones A, Wilmer Buitrago, de Milagro; en M\u00e1ster Damas B, Alejandra Loor, de Portoviejo; en M\u00e1ster Varones B, Norfi Cevallos, de Milagro; en M\u00e1ster Varones C, Juan Serrano, de Milagro; y en M\u00e1ster Varones D, Arturo Stacey, de Guayaquil.<\/p>\n<p>M\u00e1s all\u00e1 de los resultados, la competencia estuvo marcada por la exigencia de cada tramo, donde los participantes superaron retos f\u00edsicos y mentales en un ambiente de compa\u00f1erismo, disciplina y superaci\u00f3n. Cada llegada a la meta reflej\u00f3 el esfuerzo y la constancia de quienes asumieron este desaf\u00edo.<\/p>\n<p>La Lodisa 3 se consolida como un espacio que promueve el ciclismo y la actividad f\u00edsica en entornos abiertos, aportando al fortalecimiento del deporte en la ciudad.<\/p>\n<p>Esta actividad forma parte de la agenda que impulsa el Municipio de Guayaquil, en el marco de su designaci\u00f3n como Capital Americana del Deporte 2026, fortaleciendo espacios que promueven la vida activa y la integraci\u00f3n comunitaria en distintos sectores del territorio.<\/p>\n","protected":false},"excerpt":{"rendered":"<p>Guayaquil.- Un exigente circuito, terreno desafiante y alta intensidad marcaron la jornada de la competencia \u201cLa Lodisa 3\u201d, que reuni\u00f3 a 300 ciclistas en la comuna San Pedro de Chong\u00f3n, en un evento que combin\u00f3 deporte, resistencia y conexi\u00f3n con la naturaleza. Durante aproximadamente cuatro horas, entre las 09h00 y las 13h00 locales (14h00 y [&hellip;]<\/p>\n","protected":false},"author":2,"featured_media":49592,"comment_status":"open","ping_status":"closed","sticky":false,"template":"","format":"standard","meta":{"_jetpack_memberships_contains_paid_content":false,"footnotes":""},"categories":[33,13],"tags":[8180],"class_list":["post-49591","post","type-post","status-publish","format-standard","has-post-thumbnail","hentry","category-guayaquil","category-noticias-nacionales","tag-competencia-la-lodisa-3"],"jetpack_featured_media_url":"https:\/\/radiocresatelital.com\/wp-content\/uploads\/2026\/03\/Lodisa-1-1.jpg","jetpack_sharing_enabled":true,"_links":{"self":[{"href":"https:\/\/radiocresatelital.com\/index.php?rest_route=\/wp\/v2\/posts\/49591","targetHints":{"allow":["GET"]}}],"collection":[{"href":"https:\/\/radiocresatelital.com\/index.php?rest_route=\/wp\/v2\/posts"}],"about":[{"href":"https:\/\/radiocresatelital.com\/index.php?rest_route=\/wp\/v2\/types\/post"}],"author":[{"embeddable":true,"href":"https:\/\/radiocresatelital.com\/index.php?rest_route=\/wp\/v2\/users\/2"}],"replies":[{"embeddable":true,"href":"https:\/\/radiocresatelital.com\/index.php?rest_route=%2Fwp%2Fv2%2Fcomments&post=49591"}],"version-history":[{"count":1,"href":"https:\/\/radiocresatelital.com\/index.php?rest_route=\/wp\/v2\/posts\/49591\/revisions"}],"predecessor-version":[{"id":49593,"href":"https:\/\/radiocresatelital.com\/index.php?rest_route=\/wp\/v2\/posts\/49591\/revisions\/49593"}],"wp:featuredmedia":[{"embeddable":true,"href":"https:\/\/radiocresatelital.com\/index.php?rest_route=\/wp\/v2\/media\/49592"}],"wp:attachment":[{"href":"https:\/\/radiocresatelital.com\/index.php?rest_route=%2Fwp%2Fv2%2Fmedia&parent=49591"}],"wp:term":[{"taxonomy":"category","embeddable":true,"href":"https:\/\/radiocresatelital.com\/index.php?rest_route=%2Fwp%2Fv2%2Fcategories&post=49591"},{"taxonomy":"post_tag","embeddable":true,"href":"https:\/\/radiocresatelital.com\/index.php?rest_route=%2Fwp%2Fv2%2Ftags&post=49591"}],"curies":[{"name":"wp","href":"https:\/\/api.w.org\/{rel}","templated":true}]}}