{"id":49441,"date":"2026-03-19T17:08:43","date_gmt":"2026-03-19T17:08:43","guid":{"rendered":"https:\/\/radiocresatelital.com\/?p=49441"},"modified":"2026-03-19T20:12:47","modified_gmt":"2026-03-19T20:12:47","slug":"escuela-vamos-abre-inscripciones-para-docentes-y-equipos-directivos-de-bachillerato-tecnico-agropecuario-de-la-sierra-centro","status":"publish","type":"post","link":"https:\/\/radiocresatelital.com\/?p=49441","title":{"rendered":"Escuela VAMOS abre inscripciones para docentes y equipos directivos de bachillerato t\u00e9cnico agropecuario de la Sierra centro"},"content":{"rendered":"<p>Riobamba.- Docentes y equipos directivos de instituciones con Bachillerato T\u00e9cnico Agropecuario de Chimborazo, Cotopaxi y Tungurahua ya pueden inscribirse en la Escuela VAMOS, un programa de formaci\u00f3n gratuito desarrollado por VVOB \u2013 Education for Development, en alianza con el Ministerio de Educaci\u00f3n, Deporte y Cultura, que busca fortalecer la educaci\u00f3n t\u00e9cnica y su v\u00ednculo con el sector productivo. La convocatoria estar\u00e1 abierta del 16 al 29 de marzo a trav\u00e9s de la plataforma <a href=\"https:\/\/forms.office.com\/pages\/responsepage.aspx?id=dp2iaOP6qkaEIdpHMFHkh3rpRok37PNNgawUlOUcQitUMDdMWEVXNTBaRUZHUlpVVzhLUUxGWlo4SyQlQCNjPTEu&amp;route=shorturl\">Mecapacito<\/a> y la p\u00e1gina <a href=\"http:\/\/www.escuelavamos.com\">www.escuelavamos.com<\/a><\/p>\n<p>Los participantes podr\u00e1n acceder a itinerarios formativos diferenciados, que incluyen cursos virtuales de 40 horas orientados a mejorar las pr\u00e1cticas pedag\u00f3gicas, impulsar el liderazgo y trabajo en equipo dentro de las instituciones y conectar la formaci\u00f3n t\u00e9cnica con las necesidades del sector agropecuario.<\/p>\n<p>La Escuela VAMOS forma parte del programa \u00a1VAMOS! Vinculando el agroaprendizaje para un mundo sostenible. De esta manera, se logra que a trav\u00e9s del fortalecimiento de las capacidades de docentes y directivos se contribuya a la mejora de la formaci\u00f3n de los estudiantes para que desarrollen habilidades que les permitan insertarse en el mundo laboral, emprender o continuar su educaci\u00f3n en el \u00e1mbito agropecuario.<\/p>\n<p><strong>Primer encuentro en territorio del programa VAMOS <\/strong><\/p>\n<p>Riobamba fue sede del primer evento: \u201cEscuelas VAMOS en territorio\u201d, un espacio de encuentro para fortalecer el trabajo colaborativo entre directivos y docentes, motivar la inscripci\u00f3n en el programa, e impulsar la transformaci\u00f3n de las pr\u00e1cticas educativas del Bachillerato T\u00e9cnico Agropecuario mediante una mayor vinculaci\u00f3n con el sector productivo. El espacio reuni\u00f3 a instituciones educativas de Chimborazo, Cotopaxi y Tungurahua interesadas en sumarse a este proceso formativo. La jornada cont\u00f3 con la participaci\u00f3n de Olger Mari\u00f1o, Coordinador Zonal de Educaci\u00f3n de la Zona 3; Claudia Cadena, directora de programas de VVOB Ecuador, y directivos y docentes de distintas instituciones educativas.<\/p>\n<p>Olger Mari\u00f1o, coordinador Zonal 3, inici\u00f3 el acto protocolar y mencion\u00f3 respecto a la Escuela VAMOS: \u201cEntre los principales beneficios del convenio destacan el fortalecimiento de las competencias profesionales docentes, el aporte a los procesos de recategorizaci\u00f3n y ascenso, la mejora progresiva de la calidad educativa y la incorporaci\u00f3n de metodolog\u00edas innovadoras que promueven aprendizajes significativos. Adem\u00e1s, esta iniciativa fortalece la educaci\u00f3n t\u00e9cnica agropecuaria al vincularla con el desarrollo productivo de los territorios\u201d.<\/p>\n<p>As\u00ed tambi\u00e9n, Claudia Cadena, directora de Programas de VVOB en Ecuador enfatiz\u00f3 que: \u201cEstos procesos han fortalecido capacidades en innovaci\u00f3n pedag\u00f3gica, trabajo en equipo y articulaci\u00f3n con el sector productivo, generando un impacto positivo en la ense\u00f1anza y en las comunidades educativas\u201d.<\/p>\n<p><strong>C\u00f3mo participar<\/strong><\/p>\n<p>Las instituciones educativas, directivos y docentes interesados pueden registrarse a nivel nacional de dos maneras:<\/p>\n<p>Inscripci\u00f3n individual para docentes: A trav\u00e9s de la plataforma <a href=\"https:\/\/mecapacito.educacion.gob.ec\/\">Mecapacito<\/a> del Ministerio de Educaci\u00f3n, Deporte y Cultura y el <a href=\"https:\/\/forms.office.com\/pages\/responsepage.aspx?id=dp2iaOP6qkaEIdpHMFHkh3rpRok37PNNgawUlOUcQitUMDdMWEVXNTBaRUZHUlpVVzhLUUxGWlo4SyQlQCNjPTEu&amp;route=shorturl\">formulario<\/a>.<\/p>\n<p>Inscripci\u00f3n institucional como Equipo VAMOS, que consiste en que cada instituci\u00f3n educativa registra a docentes de distintas \u00e1reas que trabajan de manera conjunta para mejorar los procesos de ense\u00f1anza y gesti\u00f3n escolar. Est\u00e1 conformado por: Un directivo o directiva, dos docentes de apoyo, un docente de emprendimiento y gesti\u00f3n, y, un docente del \u00e1rea t\u00e9cnica agropecuaria. Se realiza a trav\u00e9s de <a href=\"http:\/\/www.escuelavamos.com\">www.escuelavamos.com<\/a><\/p>\n","protected":false},"excerpt":{"rendered":"<p>Riobamba.- Docentes y equipos directivos de instituciones con Bachillerato T\u00e9cnico Agropecuario de Chimborazo, Cotopaxi y Tungurahua ya pueden inscribirse en la Escuela VAMOS, un programa de formaci\u00f3n gratuito desarrollado por VVOB \u2013 Education for Development, en alianza con el Ministerio de Educaci\u00f3n, Deporte y Cultura, que busca fortalecer la educaci\u00f3n t\u00e9cnica y su v\u00ednculo con [&hellip;]<\/p>\n","protected":false},"author":2,"featured_media":49442,"comment_status":"open","ping_status":"closed","sticky":false,"template":"","format":"standard","meta":{"_jetpack_memberships_contains_paid_content":false,"footnotes":""},"categories":[13],"tags":[8151,8067],"class_list":["post-49441","post","type-post","status-publish","format-standard","has-post-thumbnail","hentry","category-noticias-nacionales","tag-bachillerato-tecnico-agropecuario-de-chimborazo","tag-vvob-education-for-development"],"jetpack_featured_media_url":"https:\/\/radiocresatelital.com\/wp-content\/uploads\/2026\/03\/WhatsApp-Image-2026-03-19-at-15.07.55.jpeg","jetpack_sharing_enabled":true,"_links":{"self":[{"href":"https:\/\/radiocresatelital.com\/index.php?rest_route=\/wp\/v2\/posts\/49441","targetHints":{"allow":["GET"]}}],"collection":[{"href":"https:\/\/radiocresatelital.com\/index.php?rest_route=\/wp\/v2\/posts"}],"about":[{"href":"https:\/\/radiocresatelital.com\/index.php?rest_route=\/wp\/v2\/types\/post"}],"author":[{"embeddable":true,"href":"https:\/\/radiocresatelital.com\/index.php?rest_route=\/wp\/v2\/users\/2"}],"replies":[{"embeddable":true,"href":"https:\/\/radiocresatelital.com\/index.php?rest_route=%2Fwp%2Fv2%2Fcomments&post=49441"}],"version-history":[{"count":1,"href":"https:\/\/radiocresatelital.com\/index.php?rest_route=\/wp\/v2\/posts\/49441\/revisions"}],"predecessor-version":[{"id":49443,"href":"https:\/\/radiocresatelital.com\/index.php?rest_route=\/wp\/v2\/posts\/49441\/revisions\/49443"}],"wp:featuredmedia":[{"embeddable":true,"href":"https:\/\/radiocresatelital.com\/index.php?rest_route=\/wp\/v2\/media\/49442"}],"wp:attachment":[{"href":"https:\/\/radiocresatelital.com\/index.php?rest_route=%2Fwp%2Fv2%2Fmedia&parent=49441"}],"wp:term":[{"taxonomy":"category","embeddable":true,"href":"https:\/\/radiocresatelital.com\/index.php?rest_route=%2Fwp%2Fv2%2Fcategories&post=49441"},{"taxonomy":"post_tag","embeddable":true,"href":"https:\/\/radiocresatelital.com\/index.php?rest_route=%2Fwp%2Fv2%2Ftags&post=49441"}],"curies":[{"name":"wp","href":"https:\/\/api.w.org\/{rel}","templated":true}]}}