{"id":49414,"date":"2026-03-19T18:39:56","date_gmt":"2026-03-19T18:39:56","guid":{"rendered":"https:\/\/radiocresatelital.com\/?p=49414"},"modified":"2026-03-19T18:39:56","modified_gmt":"2026-03-19T18:39:56","slug":"en-el-canton-daule-468-pequenos-productores-que-registraron-perdidas-en-cultivos-de-arroz-y-maiz-a-causa-de-las-inundaciones-reciben-el-bono-agricola-solidario-de-la-prefectura-del-guayas","status":"publish","type":"post","link":"https:\/\/radiocresatelital.com\/?p=49414","title":{"rendered":"En el cant\u00f3n Daule, 468 peque\u00f1os productores que registraron p\u00e9rdidas en cultivos de arroz y ma\u00edz, a causa de las inundaciones, reciben el Bono  Agr\u00edcola Solidario de la Prefectura del Guayas"},"content":{"rendered":"<p>Guayaquil.- A trav\u00e9s de la Direcci\u00f3n de Desarrollo Productivo, la Prefectura del Guayas procedi\u00f3 oficialmente a la entrega del Bono Agr\u00edcola Solidario, en el cant\u00f3n Daule, dirigido a peque\u00f1os productores que resultaron afectados por las inundaciones, a causa de la \u00e9poca lluviosa.<\/p>\n<p>El proceso es gratuito y el beneficio, por una sola vez, de $450 para cultivos de arroz y de $540 para ma\u00edz Durante el inicio de la jornada, en Daule, 137 agricultores ya recibieron el incentivo econ\u00f3mico, hasta llegar a un total de 468 beneficiarios, en el transcurso de esta semana.<\/p>\n<p>Para cumplir este paso, previamente se hizo una verificaci\u00f3n en territorio de las zonas afectadas. \u201cHan sufrido p\u00e9rdidas de sus cultivos por inundaciones en la \u00e9poca invernal&#8230; Este monto que se les da es del<br \/>\n30% del costo total por hect\u00e1rea para cada productor\u201d, lo que permite impulsar la reactivaci\u00f3n productiva, explic\u00f3 Henry Villamar, t\u00e9cnico de la Direcci\u00f3n de Desarrollo Productivo.<\/p>\n<p>El Bono Agr\u00edcola Solidario, est\u00e1 destinado a cubrir parte de los costos de producci\u00f3n y facilitar la recuperaci\u00f3n de cultivos. Esta gesti\u00f3n les permite volver a empezar, tras el impacto negativo que deja la \u00e9poca invernal. \u201cSubi\u00f3 el agua de golpe, no nos dio chance a nada\u201d, resalt\u00f3 Manuel Eugenio Mor\u00e1n, del sector El Pedregal, quien a\u00f1adi\u00f3 que, el apoyo econ\u00f3mico, representa \u201cuna gran ayuda que nos est\u00e1n dando, muy agradecido\u201d.<\/p>\n<p>Los beneficiarios acceden a este incentivo, mediante un proceso gratuito que incluye la verificaci\u00f3n de datos en ventanilla de BanEcuador, a fin de garantizar transparencia en la entrega. \u201cLe agradezco mucho a la se\u00f1ora abogada Marcela Agui\u00f1aga por ayudar a los agricultores que hemos perdido en estas cosechas&#8230; nuevamente, a sembrar\u201d, dijo Elsa Azucena Ruiz, del recinto Montemono.<\/p>\n<p>Con estas acciones, la Prefectura del Guayas reafirma su compromiso de trabajar en territorio y brindar apoyo directo al peque\u00f1o y mediano productor, especialmente ante situaciones adversas que afectan el sustento y la producci\u00f3n agr\u00edcola de la provincia.<\/p>\n","protected":false},"excerpt":{"rendered":"<p>Guayaquil.- A trav\u00e9s de la Direcci\u00f3n de Desarrollo Productivo, la Prefectura del Guayas procedi\u00f3 oficialmente a la entrega del Bono Agr\u00edcola Solidario, en el cant\u00f3n Daule, dirigido a peque\u00f1os productores que resultaron afectados por las inundaciones, a causa de la \u00e9poca lluviosa. El proceso es gratuito y el beneficio, por una sola vez, de $450 [&hellip;]<\/p>\n","protected":false},"author":2,"featured_media":49415,"comment_status":"open","ping_status":"closed","sticky":false,"template":"","format":"standard","meta":{"_jetpack_memberships_contains_paid_content":false,"footnotes":""},"categories":[13],"tags":[8148,8147,6370],"class_list":["post-49414","post","type-post","status-publish","format-standard","has-post-thumbnail","hentry","category-noticias-nacionales","tag-bono-agricola-solidario","tag-direccion-de-desarrollo-productivo","tag-prefectura-del-guayas"],"jetpack_featured_media_url":"https:\/\/radiocresatelital.com\/wp-content\/uploads\/2026\/03\/WhatsApp-Image-2026-03-19-at-12.29.09.jpeg","jetpack_sharing_enabled":true,"_links":{"self":[{"href":"https:\/\/radiocresatelital.com\/index.php?rest_route=\/wp\/v2\/posts\/49414","targetHints":{"allow":["GET"]}}],"collection":[{"href":"https:\/\/radiocresatelital.com\/index.php?rest_route=\/wp\/v2\/posts"}],"about":[{"href":"https:\/\/radiocresatelital.com\/index.php?rest_route=\/wp\/v2\/types\/post"}],"author":[{"embeddable":true,"href":"https:\/\/radiocresatelital.com\/index.php?rest_route=\/wp\/v2\/users\/2"}],"replies":[{"embeddable":true,"href":"https:\/\/radiocresatelital.com\/index.php?rest_route=%2Fwp%2Fv2%2Fcomments&post=49414"}],"version-history":[{"count":1,"href":"https:\/\/radiocresatelital.com\/index.php?rest_route=\/wp\/v2\/posts\/49414\/revisions"}],"predecessor-version":[{"id":49416,"href":"https:\/\/radiocresatelital.com\/index.php?rest_route=\/wp\/v2\/posts\/49414\/revisions\/49416"}],"wp:featuredmedia":[{"embeddable":true,"href":"https:\/\/radiocresatelital.com\/index.php?rest_route=\/wp\/v2\/media\/49415"}],"wp:attachment":[{"href":"https:\/\/radiocresatelital.com\/index.php?rest_route=%2Fwp%2Fv2%2Fmedia&parent=49414"}],"wp:term":[{"taxonomy":"category","embeddable":true,"href":"https:\/\/radiocresatelital.com\/index.php?rest_route=%2Fwp%2Fv2%2Fcategories&post=49414"},{"taxonomy":"post_tag","embeddable":true,"href":"https:\/\/radiocresatelital.com\/index.php?rest_route=%2Fwp%2Fv2%2Ftags&post=49414"}],"curies":[{"name":"wp","href":"https:\/\/api.w.org\/{rel}","templated":true}]}}