{"id":49412,"date":"2026-03-19T18:30:18","date_gmt":"2026-03-19T18:30:18","guid":{"rendered":"https:\/\/radiocresatelital.com\/?p=49412"},"modified":"2026-03-19T18:30:18","modified_gmt":"2026-03-19T18:30:18","slug":"presidente-daniel-noboa-impulsa-el-desarrollo-agricola-con-la-entrega-de-beneficios-a-mas-de-2-400-productores-del-austro","status":"publish","type":"post","link":"https:\/\/radiocresatelital.com\/?p=49412","title":{"rendered":"Presidente Daniel Noboa impulsa el desarrollo agr\u00edcola con la entrega de beneficios a m\u00e1s de 2.400 productores del Austro"},"content":{"rendered":"<p>Cuenca. &#8211; El compromiso del Gobierno Nacional es claro: que el Estado sea un aliado del productor. Por eso, la ma\u00f1ana de este jueves 19 de marzo, el presidente de la Rep\u00fablica, Daniel Noboa Azin, desde Cuenca, entreg\u00f3 beneficios t\u00e9cnicos y tecnol\u00f3gicos a peque\u00f1os y medianos productores de Azuay, Ca\u00f1ar y Loja; a trav\u00e9s del Ministerio de Agricultura, Ganader\u00eda y Pesca (MAGP). El prop\u00f3sito es impulsar al sector agropecuario, que aporta alrededor del 8 % al Producto Interno Bruto del Ecuador y<br \/>\ngenera cerca del 30 % del empleo rural.<\/p>\n<p>\u201cNuestro gobierno cree en ustedes, agricultores del Austro ecuatoriano. Creemos en su trabajo diario y en su capacidad de sostener al pa\u00eds desde la tierra (\u2026). Todo lo que hemos tra\u00eddo es para que ustedes vivan mejor y que sus hijos tengan un pa\u00eds mejor del que ustedes tuvieron\u201d, expres\u00f3 el jefe de Estado.<\/p>\n<p>En esta oportunidad, el presidente entreg\u00f3 9 tractores que permitir\u00e1n a los productores trabajar con mayor eficiencia, reduciendo el esfuerzo f\u00edsico y mejorando la productividad de sus tierras. Tambi\u00e9n, se otorgaron 349 t\u00edtulos de propiedad para garantizar seguridad de tierras y acceso a cr\u00e9ditos; 100 paquetes agr\u00edcolas para proteger las cosechas, 20 carn\u00e9s y certificados de la Agricultura Familiar Campesina (AFC), 6 sellos de la AFC, 24 certificados de Comunidad de Aprendizaje de AFC y 1 Personer\u00eda jur\u00eddica a la Asociaci\u00f3n de Ganaderos de Cumbe.<\/p>\n<p>Al respecto, Juan Carlos Vega coment\u00f3 que, en l\u00ednea con la visi\u00f3n del presidente Noboa, su cartera de Estado se enfoca en priorizar el desarrollo del campo como eje vital del progreso del pa\u00eds, especialmente en el Austro, en donde predomina la agricultura familiar. \u201cBeneficiamos a 2.477 productores con una inversi\u00f3n que supera el medio mill\u00f3n de d\u00f3lares. Esto es invertir en el campo, es invertir en el desarrollo del pa\u00eds\u201d, sostuvo.<\/p>\n<p>En este contexto, el productor Marco Aguilar agradeci\u00f3 el haber accedido al t\u00edtulo de propiedad de su predio, \u201cpara poder trabajar tranquilo, hacer pr\u00e9stamos y dejar legalizado el terreno para mi familia\u201d. Mientras tanto, Julia Pe\u00f1a, expres\u00f3 que el carn\u00e9 de AFC les permitir\u00e1 vender sus productos a precios m\u00e1s competitivos. Y, finalmente, Rosa Livichuzca, beneficiaria de un tractor, indic\u00f3 que con este instrumento sus jornadas de trabajo ser\u00e1n m\u00e1s productivas.<\/p>\n<p>Durante este acto, el Presidente de la Rep\u00fablica afirm\u00f3 de manera categ\u00f3rica: \u201cCuenca, estamos aqu\u00ed. Ustedes no est\u00e1n solos ni olvidados (\u2026). Son parte de un pa\u00eds que ahora s\u00ed los toma en cuenta y que llega hasta donde ustedes est\u00e1n. Lo que hoy entregamos se convierte en producci\u00f3n y en tranquilidad para sus hogares. Ese es el resultado que buscamos y que vamos a sostener. Nuestro compromiso es con ustedes, con Azuay\u201d, concluy\u00f3 el primer mandatario<\/p>\n","protected":false},"excerpt":{"rendered":"<p>Cuenca. &#8211; El compromiso del Gobierno Nacional es claro: que el Estado sea un aliado del productor. Por eso, la ma\u00f1ana de este jueves 19 de marzo, el presidente de la Rep\u00fablica, Daniel Noboa Azin, desde Cuenca, entreg\u00f3 beneficios t\u00e9cnicos y tecnol\u00f3gicos a peque\u00f1os y medianos productores de Azuay, Ca\u00f1ar y Loja; a trav\u00e9s del [&hellip;]<\/p>\n","protected":false},"author":2,"featured_media":40891,"comment_status":"open","ping_status":"closed","sticky":false,"template":"","format":"standard","meta":{"_jetpack_memberships_contains_paid_content":false,"footnotes":""},"categories":[13],"tags":[1322],"class_list":["post-49412","post","type-post","status-publish","format-standard","has-post-thumbnail","hentry","category-noticias-nacionales","tag-presidente-daniel-noboa"],"jetpack_featured_media_url":"https:\/\/radiocresatelital.com\/wp-content\/uploads\/2025\/11\/daniel-noboa-55-1024x683-1.jpg","jetpack_sharing_enabled":true,"_links":{"self":[{"href":"https:\/\/radiocresatelital.com\/index.php?rest_route=\/wp\/v2\/posts\/49412","targetHints":{"allow":["GET"]}}],"collection":[{"href":"https:\/\/radiocresatelital.com\/index.php?rest_route=\/wp\/v2\/posts"}],"about":[{"href":"https:\/\/radiocresatelital.com\/index.php?rest_route=\/wp\/v2\/types\/post"}],"author":[{"embeddable":true,"href":"https:\/\/radiocresatelital.com\/index.php?rest_route=\/wp\/v2\/users\/2"}],"replies":[{"embeddable":true,"href":"https:\/\/radiocresatelital.com\/index.php?rest_route=%2Fwp%2Fv2%2Fcomments&post=49412"}],"version-history":[{"count":1,"href":"https:\/\/radiocresatelital.com\/index.php?rest_route=\/wp\/v2\/posts\/49412\/revisions"}],"predecessor-version":[{"id":49413,"href":"https:\/\/radiocresatelital.com\/index.php?rest_route=\/wp\/v2\/posts\/49412\/revisions\/49413"}],"wp:featuredmedia":[{"embeddable":true,"href":"https:\/\/radiocresatelital.com\/index.php?rest_route=\/wp\/v2\/media\/40891"}],"wp:attachment":[{"href":"https:\/\/radiocresatelital.com\/index.php?rest_route=%2Fwp%2Fv2%2Fmedia&parent=49412"}],"wp:term":[{"taxonomy":"category","embeddable":true,"href":"https:\/\/radiocresatelital.com\/index.php?rest_route=%2Fwp%2Fv2%2Fcategories&post=49412"},{"taxonomy":"post_tag","embeddable":true,"href":"https:\/\/radiocresatelital.com\/index.php?rest_route=%2Fwp%2Fv2%2Ftags&post=49412"}],"curies":[{"name":"wp","href":"https:\/\/api.w.org\/{rel}","templated":true}]}}