{"id":49396,"date":"2026-03-18T19:54:26","date_gmt":"2026-03-18T19:54:26","guid":{"rendered":"https:\/\/radiocresatelital.com\/?p=49396"},"modified":"2026-03-18T19:54:37","modified_gmt":"2026-03-18T19:54:37","slug":"plaza-casuarina-se-convierte-en-punto-de-encuentro-para-casi-1-000-ninos-en-vacacionales-de-zumar","status":"publish","type":"post","link":"https:\/\/radiocresatelital.com\/?p=49396","title":{"rendered":"Plaza Casuarina se convierte en punto de encuentro para casi 1.000 ni\u00f1os en vacacionales de ZUMAR"},"content":{"rendered":"<p>Guayaquil.- Con entusiasmo, creatividad y aprendizaje, 953 ni\u00f1os y j\u00f3venes, de entre 5 y 17 a\u00f1os, participan diariamente en los vacacionales de ZUMAR en Plaza Casuarina, ubicado junto al mercado municipal, en la entrada de la 8, al noroeste de Guayaquil.<\/p>\n<p>La iniciativa ofrece una amplia variedad de actividades formativas y recreativas. Un total de 508 alumnos asisten a cursos art\u00edsticos como teatro, pintura, percusi\u00f3n, teclado, canto, danza y danza afro. Paralelamente, 445 participantes forman parte de disciplinas deportivas como f\u00fatbol y baloncesto, adem\u00e1s de actividades l\u00fadicas, recreativas, artes moldeables y maquillaje.<\/p>\n<p>Entre los beneficiarios est\u00e1 Eimy Quim\u00ed, de 12 a\u00f1os, quien asiste dos veces por semana al curso de dibujo, donde ha comenzado a descubrir su vocaci\u00f3n. \u201cPara mi dibujar y pintar no es una p\u00e9rdida de tiempo (\u2026) Tambi\u00e9n quisiera ser dise\u00f1adora\u201d, indic\u00f3.<\/p>\n<p>Desde la formaci\u00f3n art\u00edstica, los instructores destacan el impacto integral de estos espacios. \u201cEl objetivo del taller es mejorar la motricidad fina (\u2026) No solo les ayuda a la creatividad, tambi\u00e9n les sirve para mejorar la letra\u201d, coment\u00f3 Marco Mart\u00ednez, Doctor Honoris Causa, e instructor del curso de dibujo en ZUMAR.<\/p>\n<p>Como parte de la programaci\u00f3n, el arte tambi\u00e9n llega a trav\u00e9s de experiencias en vivo. Rafael Bricello, violonchelista de la Orquesta Filarm\u00f3nica Municipal de Guayaquil, interpret\u00f3 siete piezas musicales, despertando el inter\u00e9s de los asistentes y fortaleciendo su sensibilidad art\u00edstica.<\/p>\n<p>El impacto de estas actividades tambi\u00e9n es valorado por las familias. \u201cLes dan la oportunidad a los ni\u00f1os de que ahora en sus vacaciones ellos puedan tener un momento para distraerse y no solo pasen en la televisi\u00f3n y en la casa\u201d, expres\u00f3 Laura Jim\u00e9nez, madre de uno de los participantes.<\/p>\n<p>De esta manera, el Municipio de Guayaquil promueve espacios que impulsan el desarrollo integral de ni\u00f1os y j\u00f3venes, aprovechando su tiempo libre durante la temporada vacacional.<\/p>\n","protected":false},"excerpt":{"rendered":"<p>Guayaquil.- Con entusiasmo, creatividad y aprendizaje, 953 ni\u00f1os y j\u00f3venes, de entre 5 y 17 a\u00f1os, participan diariamente en los vacacionales de ZUMAR en Plaza Casuarina, ubicado junto al mercado municipal, en la entrada de la 8, al noroeste de Guayaquil. La iniciativa ofrece una amplia variedad de actividades formativas y recreativas. Un total de [&hellip;]<\/p>\n","protected":false},"author":2,"featured_media":49397,"comment_status":"open","ping_status":"closed","sticky":false,"template":"","format":"standard","meta":{"_jetpack_memberships_contains_paid_content":false,"footnotes":""},"categories":[13],"tags":[8145,8144],"class_list":["post-49396","post","type-post","status-publish","format-standard","has-post-thumbnail","hentry","category-noticias-nacionales","tag-plaza-casuarina","tag-vacacionales-de-zumar"],"jetpack_featured_media_url":"https:\/\/radiocresatelital.com\/wp-content\/uploads\/2026\/03\/6d39a13f-e3cc-45b1-bf5c-aef39496eef3.jpg","jetpack_sharing_enabled":true,"_links":{"self":[{"href":"https:\/\/radiocresatelital.com\/index.php?rest_route=\/wp\/v2\/posts\/49396","targetHints":{"allow":["GET"]}}],"collection":[{"href":"https:\/\/radiocresatelital.com\/index.php?rest_route=\/wp\/v2\/posts"}],"about":[{"href":"https:\/\/radiocresatelital.com\/index.php?rest_route=\/wp\/v2\/types\/post"}],"author":[{"embeddable":true,"href":"https:\/\/radiocresatelital.com\/index.php?rest_route=\/wp\/v2\/users\/2"}],"replies":[{"embeddable":true,"href":"https:\/\/radiocresatelital.com\/index.php?rest_route=%2Fwp%2Fv2%2Fcomments&post=49396"}],"version-history":[{"count":1,"href":"https:\/\/radiocresatelital.com\/index.php?rest_route=\/wp\/v2\/posts\/49396\/revisions"}],"predecessor-version":[{"id":49398,"href":"https:\/\/radiocresatelital.com\/index.php?rest_route=\/wp\/v2\/posts\/49396\/revisions\/49398"}],"wp:featuredmedia":[{"embeddable":true,"href":"https:\/\/radiocresatelital.com\/index.php?rest_route=\/wp\/v2\/media\/49397"}],"wp:attachment":[{"href":"https:\/\/radiocresatelital.com\/index.php?rest_route=%2Fwp%2Fv2%2Fmedia&parent=49396"}],"wp:term":[{"taxonomy":"category","embeddable":true,"href":"https:\/\/radiocresatelital.com\/index.php?rest_route=%2Fwp%2Fv2%2Fcategories&post=49396"},{"taxonomy":"post_tag","embeddable":true,"href":"https:\/\/radiocresatelital.com\/index.php?rest_route=%2Fwp%2Fv2%2Ftags&post=49396"}],"curies":[{"name":"wp","href":"https:\/\/api.w.org\/{rel}","templated":true}]}}