{"id":49393,"date":"2026-03-18T19:43:03","date_gmt":"2026-03-18T19:43:03","guid":{"rendered":"https:\/\/radiocresatelital.com\/?p=49393"},"modified":"2026-03-18T19:43:03","modified_gmt":"2026-03-18T19:43:03","slug":"gobierno-del-presidente-daniel-noboa-impulsa-el-transporte-aereo-reactivamos-la-ruta-quito-santiago","status":"publish","type":"post","link":"https:\/\/radiocresatelital.com\/?p=49393","title":{"rendered":"Gobierno del Presidente Daniel Noboa impulsa el transporte a\u00e9reo: reactivamos la ruta Quito \u2013 Santiago"},"content":{"rendered":"<p>Quito.-\u00a0El Ministerio de Infraestructura y Transporte reafirma su compromiso con el fortalecimiento de la conectividad a\u00e9rea internacional, como parte de su gesti\u00f3n para dinamizar el desarrollo econ\u00f3mico, el comercio exterior y el turismo del pa\u00eds. La aerol\u00ednea LATAM Airlines Group retomar\u00e1 la ruta directa Quito \u2013 Santiago de Chile, a partir de octubre de 2026.<\/p>\n<p>La operaci\u00f3n se realizar\u00e1 con aeronaves A320neo, una flota m\u00e1s moderna y eficiente, que permitir\u00e1 a los viajeros reducir significativamente los tiempos de traslado, contar\u00e1 con cuatro vuelos se\u00f1ales lo que representar\u00e1 aproximadamente 35.000 sillas anuales.<\/p>\n<p>El Ministro Roberto Luque destac\u00f3 que \u201cla reactivaci\u00f3n de esta ruta refleja la confianza de LATAM en el Ecuador y es el resultado del trabajo articulado para fortalecer la conectividad internacional, lo que se traduce en mayores oportunidades para el comercio y el turismo bilateral\u201d.<\/p>\n<p>Asimismo, se\u00f1al\u00f3 que esta ruta no solo fortalece los v\u00ednculos entre Ecuador y Chile, sino que tambi\u00e9n ampl\u00eda las posibilidades de conexi\u00f3n hac\u00eda m\u00e1s de 50 destinos internacionales a trav\u00e9s del hub en Santiago, impulsando la integraci\u00f3n del pa\u00eds con mercados estrat\u00e9gicos de la regi\u00f3n y el mundo.<\/p>\n<p>La reapertura de esta ruta forma parte de la estrategia de LATAM Airlines Group para seguir fortaleciendo su red internacional, respondiendo a las necesidades de sus clientes con una propuesta de valor basada en conectividad, eficiencia y sostenibilidad.<\/p>\n<p>Como parte de la pol\u00edtica p\u00fablica impulsada por el MIT, se contin\u00faa promoviendo un sistema de transporte moderno, eficiente y sostenible, que facilite la atracci\u00f3n de inversiones y el crecimiento del sector tur\u00edstico.<\/p>\n<p>\u201cEn LATAM trabajamos permanentemente para fortalecer la conectividad del Ecuador con la regi\u00f3n y el mundo. La reanudaci\u00f3n de la ruta Quito \u2013 Santiago no solo fortalece los v\u00ednculos entre ambos pa\u00edses, sino que tambi\u00e9n permite ofrecer a nuestros pasajeros una experiencia de viaje m\u00e1s directa y eficiente, acorde a sus necesidades actuales\u201d, se\u00f1al\u00f3 M\u00f3nica Fistrovic, CEO de LATAM Airlines Ecuador.<\/p>\n<p>El Gobierno del Nuevo Ecuador ratifica su compromiso de seguir generando condiciones favorables para el desarrollo de nuevas rutas a\u00e9reas, fortaleciendo la conectividad del Ecuador y consolidando al pa\u00eds como un eje log\u00edstico y tur\u00edstico en Sudam\u00e9rica y el mundo.<\/p>\n","protected":false},"excerpt":{"rendered":"<p>Quito.-\u00a0El Ministerio de Infraestructura y Transporte reafirma su compromiso con el fortalecimiento de la conectividad a\u00e9rea internacional, como parte de su gesti\u00f3n para dinamizar el desarrollo econ\u00f3mico, el comercio exterior y el turismo del pa\u00eds. La aerol\u00ednea LATAM Airlines Group retomar\u00e1 la ruta directa Quito \u2013 Santiago de Chile, a partir de octubre de 2026. [&hellip;]<\/p>\n","protected":false},"author":2,"featured_media":49394,"comment_status":"open","ping_status":"closed","sticky":false,"template":"","format":"standard","meta":{"_jetpack_memberships_contains_paid_content":false,"footnotes":""},"categories":[13],"tags":[5980],"class_list":["post-49393","post","type-post","status-publish","format-standard","has-post-thumbnail","hentry","category-noticias-nacionales","tag-ministerio-de-infraestructura-y-transporte"],"jetpack_featured_media_url":"https:\/\/radiocresatelital.com\/wp-content\/uploads\/2026\/03\/latam-1536x850-1.png","jetpack_sharing_enabled":true,"_links":{"self":[{"href":"https:\/\/radiocresatelital.com\/index.php?rest_route=\/wp\/v2\/posts\/49393","targetHints":{"allow":["GET"]}}],"collection":[{"href":"https:\/\/radiocresatelital.com\/index.php?rest_route=\/wp\/v2\/posts"}],"about":[{"href":"https:\/\/radiocresatelital.com\/index.php?rest_route=\/wp\/v2\/types\/post"}],"author":[{"embeddable":true,"href":"https:\/\/radiocresatelital.com\/index.php?rest_route=\/wp\/v2\/users\/2"}],"replies":[{"embeddable":true,"href":"https:\/\/radiocresatelital.com\/index.php?rest_route=%2Fwp%2Fv2%2Fcomments&post=49393"}],"version-history":[{"count":1,"href":"https:\/\/radiocresatelital.com\/index.php?rest_route=\/wp\/v2\/posts\/49393\/revisions"}],"predecessor-version":[{"id":49395,"href":"https:\/\/radiocresatelital.com\/index.php?rest_route=\/wp\/v2\/posts\/49393\/revisions\/49395"}],"wp:featuredmedia":[{"embeddable":true,"href":"https:\/\/radiocresatelital.com\/index.php?rest_route=\/wp\/v2\/media\/49394"}],"wp:attachment":[{"href":"https:\/\/radiocresatelital.com\/index.php?rest_route=%2Fwp%2Fv2%2Fmedia&parent=49393"}],"wp:term":[{"taxonomy":"category","embeddable":true,"href":"https:\/\/radiocresatelital.com\/index.php?rest_route=%2Fwp%2Fv2%2Fcategories&post=49393"},{"taxonomy":"post_tag","embeddable":true,"href":"https:\/\/radiocresatelital.com\/index.php?rest_route=%2Fwp%2Fv2%2Ftags&post=49393"}],"curies":[{"name":"wp","href":"https:\/\/api.w.org\/{rel}","templated":true}]}}