{"id":49329,"date":"2026-03-17T21:18:12","date_gmt":"2026-03-17T21:18:12","guid":{"rendered":"https:\/\/radiocresatelital.com\/?p=49329"},"modified":"2026-03-17T21:18:12","modified_gmt":"2026-03-17T21:18:12","slug":"cambian-horarios-de-recoleccion-por-toque-de-queda-y-se-adelantan-rutas-nocturnas","status":"publish","type":"post","link":"https:\/\/radiocresatelital.com\/?p=49329","title":{"rendered":"Cambian horarios de recolecci\u00f3n por toque de queda y se adelantan rutas nocturnas"},"content":{"rendered":"<p>Guayaquil.- El servicio de recolecci\u00f3n de desechos en Guayaquil se mantiene activo, aunque con ajustes temporales en sus horarios debido a las restricciones de movilidad establecidas a nivel provincial por el toque de queda, as\u00ed lo inform\u00f3 la Direcci\u00f3n General de Aseo Cantonal, Mercados y Servicios Especiales (DACMSE).<\/p>\n<p>Desde la entrada en vigor de esta medida, la operaci\u00f3n ha debido adaptarse, especialmente en las rutas nocturnas, que fueron adelantadas para garantizar la continuidad del servicio dentro del marco legal vigente. Antes, la recolecci\u00f3n en la noche se realizaba entre las 19h00 y las 03h00 locales (00h00 y las 08h00 GMT); ahora, estas frecuencias se cumplen entre las 14h30 y 18h00 locales (19h30 y 23h00 GMT), como parte de una planificaci\u00f3n emergente.<\/p>\n<p>Para sostener la cobertura en los sectores de mayor generaci\u00f3n de residuos, se mantienen operativas las jornadas diurnas entre las 06h00 y 14h00 locales (11h00 y 19h00 GMT) en zonas c\u00e9ntricas, avenidas principales y distintos barrios del norte, centro y sur de la ciudad, mientras que las frecuencias que antes eran nocturnas se han redistribuido en horarios de la tarde, con variaciones seg\u00fan cada sector y su demanda.<\/p>\n<p><strong>Horarios de recolecci\u00f3n en zonas de mayor demanda<\/strong><br \/>\n<strong>\uf0b7 Zonas c\u00e9ntricas y avenidas principales<\/strong><br \/>\n(Av. Quito, Malec\u00f3n, Portete, G\u00f3mez Rend\u00f3n, Ayacucho, Argentina, Capit\u00e1n N\u00e1jera) Recolecci\u00f3n diaria: entre 06h00 a 14h00 locales (11h00 a 19h00 GMT)<br \/>\n<strong>\uf0b7 Sector norte<\/strong><br \/>\n(Alborada, Samanes, Guayacanes, Sauces, Mucho Lote, Vergeles) Frecuencia diurna: de 06h00 a 14h00 locales (11h00 a 19h00 GMT)<br \/>\nFrecuencia reprogramada (antes nocturna): de 14h00 a 18h00 locales (19h00 a 23h00 GMT)<br \/>\n(D\u00edas rotativos seg\u00fan sector)<br \/>\n<strong>\uf0b7 Sector centro-sur y sur<\/strong><br \/>\n(Cdlas. 9 de Octubre, Pradera, Guasmo, Floresta, Los Esteros, Cristo del Consuelo, entre otros) Frecuencia diurna: de 06h00 a 14h00 locales (11h00 a 19h00 GMT)<br \/>\nFrecuencia reprogramada: de 14h30 a 18h00 locales (19h30 a 23h00 GMT)<br \/>\n<strong>\uf0b7 Sectores con alta carga operativa espec\u00edfica<\/strong><br \/>\n(Monte Sina\u00ed, Basti\u00f3n Popular, Mapasingue, Prosperina, Suburbio Oeste)<br \/>\nFrecuencia diurna: de 06h00 a 14h00 locales (11h00 a 19h00 GMT)<br \/>\nRefuerzo operativo: de 14h00 a 18h00 locales (19h00 a 23h00 GMT), seg\u00fan planificaci\u00f3n<\/p>\n<p>Pese a estos esfuerzos, se ha identificado acumulaci\u00f3n de desechos en algunos sectores, principalmente por la disposici\u00f3n de basura fuera de los horarios establecidos, en especial\u00a0despu\u00e9s de las 20h00 locales (01h00 GMT).<\/p>\n<p>A esto se suman factores como las jornadas laborales de la ciudadan\u00eda, que dificultan la adaptaci\u00f3n a los nuevos horarios y generan una disposici\u00f3n inadecuada en la v\u00eda p\u00fablica.<\/p>\n<p>Frente a este escenario, el Municipio ha reprogramado 38 rutas nocturnas, activado microrrutas en sectores cr\u00edticos, priorizado avenidas principales y zonas de alta demanda, y reforzado el monitoreo permanente en territorio.<\/p>\n<p>Las autoridades exhortan a la ciudadan\u00eda a respetar los horarios establecidos de 06h00 a 14h00 locales (11h00 a 19h00 GMT) y de 14h00 a 18h00 locales (19h00 a 23h00 GMT), ya que su cumplimiento es clave para evitar la acumulaci\u00f3n de residuos y mantener el orden en la ciudad.<\/p>\n<p>El Municipio reitera que el servicio de recolecci\u00f3n no ha sido suspendido, sino reorganizado temporalmente en cumplimiento de una disposici\u00f3n nacional, y que las labores se mantienen de forma permanente para garantizar la limpieza, priorizando la salud p\u00fablica y el bienestar de la poblaci\u00f3n.<\/p>\n","protected":false},"excerpt":{"rendered":"<p>Guayaquil.- El servicio de recolecci\u00f3n de desechos en Guayaquil se mantiene activo, aunque con ajustes temporales en sus horarios debido a las restricciones de movilidad establecidas a nivel provincial por el toque de queda, as\u00ed lo inform\u00f3 la Direcci\u00f3n General de Aseo Cantonal, Mercados y Servicios Especiales (DACMSE). Desde la entrada en vigor de esta [&hellip;]<\/p>\n","protected":false},"author":2,"featured_media":49330,"comment_status":"open","ping_status":"closed","sticky":false,"template":"","format":"standard","meta":{"_jetpack_memberships_contains_paid_content":false,"footnotes":""},"categories":[13],"tags":[8098],"class_list":["post-49329","post","type-post","status-publish","format-standard","has-post-thumbnail","hentry","category-noticias-nacionales","tag-direccion-general-de-aseo-cantonal"],"jetpack_featured_media_url":"https:\/\/radiocresatelital.com\/wp-content\/uploads\/2026\/03\/67a3e95e2541a.png","jetpack_sharing_enabled":true,"_links":{"self":[{"href":"https:\/\/radiocresatelital.com\/index.php?rest_route=\/wp\/v2\/posts\/49329","targetHints":{"allow":["GET"]}}],"collection":[{"href":"https:\/\/radiocresatelital.com\/index.php?rest_route=\/wp\/v2\/posts"}],"about":[{"href":"https:\/\/radiocresatelital.com\/index.php?rest_route=\/wp\/v2\/types\/post"}],"author":[{"embeddable":true,"href":"https:\/\/radiocresatelital.com\/index.php?rest_route=\/wp\/v2\/users\/2"}],"replies":[{"embeddable":true,"href":"https:\/\/radiocresatelital.com\/index.php?rest_route=%2Fwp%2Fv2%2Fcomments&post=49329"}],"version-history":[{"count":1,"href":"https:\/\/radiocresatelital.com\/index.php?rest_route=\/wp\/v2\/posts\/49329\/revisions"}],"predecessor-version":[{"id":49331,"href":"https:\/\/radiocresatelital.com\/index.php?rest_route=\/wp\/v2\/posts\/49329\/revisions\/49331"}],"wp:featuredmedia":[{"embeddable":true,"href":"https:\/\/radiocresatelital.com\/index.php?rest_route=\/wp\/v2\/media\/49330"}],"wp:attachment":[{"href":"https:\/\/radiocresatelital.com\/index.php?rest_route=%2Fwp%2Fv2%2Fmedia&parent=49329"}],"wp:term":[{"taxonomy":"category","embeddable":true,"href":"https:\/\/radiocresatelital.com\/index.php?rest_route=%2Fwp%2Fv2%2Fcategories&post=49329"},{"taxonomy":"post_tag","embeddable":true,"href":"https:\/\/radiocresatelital.com\/index.php?rest_route=%2Fwp%2Fv2%2Ftags&post=49329"}],"curies":[{"name":"wp","href":"https:\/\/api.w.org\/{rel}","templated":true}]}}