{"id":49280,"date":"2026-03-16T21:45:15","date_gmt":"2026-03-16T21:45:15","guid":{"rendered":"https:\/\/radiocresatelital.com\/?p=49280"},"modified":"2026-03-16T21:45:55","modified_gmt":"2026-03-16T21:45:55","slug":"sergio-chiquito-romero-cuelga-los-guantes-a-sus-39-anos","status":"publish","type":"post","link":"https:\/\/radiocresatelital.com\/?p=49280","title":{"rendered":"Sergio \u00abChiquito\u00bb Romero cuelga los guantes a sus 39 a\u00f1os"},"content":{"rendered":"<p>Buenos Aires.- Sergio Romero, que defendi\u00f3 las porter\u00edas de Manchester United y Boca Juniors, ha indicado que ha decidido retirarse del f\u00fatbol a sus 39 a\u00f1os, luego de dos d\u00e9cadas de carrera en la que logr\u00f3 diez t\u00edtulos y el hito de ser, hasta el momento, el guardameta que m\u00e1s partidos disput\u00f3 en la selecci\u00f3n argentina.<\/p>\n<p>Seg\u00fan expres\u00f3, \u2018Chiquito\u2019 -apodado as\u00ed por su gran porte- decidi\u00f3 terminar su trayecto profesional al inicio de 2026 mientras integraba el plantel del Argentinos Juniors, club al que fue traspasado tras un mal desenlace de su paso por Boca, en el que fue clave para alcanzar la final de la Copa Libertadores 2023.<\/p>\n<p>Romero asegur\u00f3 que comenzar\u00e1 a desarrollar su experiencia para ser entrenador de equipos.<\/p>\n<p>Con Argentina, Romero sum\u00f3 96 partidos y dos Copas del Mundo bajo los tres palos, un r\u00e9cord absoluto en el equipo, al punto de que el segundo clasificado en esa lista, Emiliano \u2018Dibu\u2019 Mart\u00ednez, est\u00e1 todav\u00eda muy lejos con sus 57 encuentros disputados.<\/p>\n<p>Con la \u2018Albiceleste\u2019 fue titular en los Mundiales de Sud\u00e1frica 2010 y Brasil 2014, las Copas Am\u00e9rica de 2011, 2015 y 2016, y obtuvo el campeonato mundial sub-20 de 2007 en Canad\u00e1 y la medalla de oro en los Juegos Ol\u00edmpicos de Beijing 2008 con el seleccionado sub-23.<\/p>\n<p>Romero form\u00f3 parte de una generaci\u00f3n de jugadores de la selecci\u00f3n argentina -junto al exmediocampista Javier Mascherano, entre otros- que se quedaron a las puertas de romper una larga racha negativa de t\u00edtulos para su pa\u00eds, en especial tras la final perdida del Mundial de 2014 ante Alemania y la doble derrota ante Chile por la Copa Am\u00e9rica de 2015 y su edici\u00f3n Centenario de 2016.<\/p>\n<p>Nacido en la provincia de Misiones, el portero surgido de las categor\u00edas formativas del Racing Club debut\u00f3 en ese equipo en 2006 y tras un pu\u00f1ado de partidos con gran desempe\u00f1o result\u00f3 traspasado al AZ Alkmaar de Pa\u00edses Bajos.<\/p>\n<p>Su periplo europeo incluy\u00f3 su paso por Inglaterra en el Manchester United, Francia en el M\u00f3naco, e Italia en la Sampdoria y el Venezia, clubes en los que nunca logr\u00f3 consolidarse en la titularidad y siempre debi\u00f3 competir por el puesto.<\/p>\n<p>Ya de vuelta en Argentina para defender la porter\u00eda de Boca, fue determinante en la Copa Libertadores 2023 por la inusual cantidad de tiros penales que contuvo y que llevaron a su equipo a la gran final en el estadio Maracan\u00e1 de R\u00edo de Janeiro, que termin\u00f3 en festejo y t\u00edtulo continental para el local Fluminense de Brasil.<\/p>\n<p>Despu\u00e9s de ese pico de rendimiento, acumul\u00f3 errores que le valieron agudas cr\u00edticas de los simpatizantes del \u2018Xeneize\u2019 que lo llevaron al extremo de enfrentarse cara a cara con uno de los fan\u00e1ticos en las gradas de la \u2018Bombonera\u2019 tras una derrota por el Supercl\u00e1sico ante el River Plate de septiembre de 2024, episodio por el que perdi\u00f3 la titularidad y desencaden\u00f3 su salida del club.<\/p>\n<p>En total, disput\u00f3 371 partidos en equipos, donde concedi\u00f3 351 goles y mantuvo 150 veces la valla invicta.<\/p>\n","protected":false},"excerpt":{"rendered":"<p>Buenos Aires.- Sergio Romero, que defendi\u00f3 las porter\u00edas de Manchester United y Boca Juniors, ha indicado que ha decidido retirarse del f\u00fatbol a sus 39 a\u00f1os, luego de dos d\u00e9cadas de carrera en la que logr\u00f3 diez t\u00edtulos y el hito de ser, hasta el momento, el guardameta que m\u00e1s partidos disput\u00f3 en la selecci\u00f3n [&hellip;]<\/p>\n","protected":false},"author":2,"featured_media":49281,"comment_status":"open","ping_status":"closed","sticky":false,"template":"","format":"standard","meta":{"_jetpack_memberships_contains_paid_content":false,"footnotes":""},"categories":[7],"tags":[8120],"class_list":["post-49280","post","type-post","status-publish","format-standard","has-post-thumbnail","hentry","category-futbol-internacional","tag-sergio-chiquito-romero"],"jetpack_featured_media_url":"https:\/\/radiocresatelital.com\/wp-content\/uploads\/2026\/03\/OBJ_20240921T211708S0016I_1_1_1_15_7_6.webp","jetpack_sharing_enabled":true,"_links":{"self":[{"href":"https:\/\/radiocresatelital.com\/index.php?rest_route=\/wp\/v2\/posts\/49280","targetHints":{"allow":["GET"]}}],"collection":[{"href":"https:\/\/radiocresatelital.com\/index.php?rest_route=\/wp\/v2\/posts"}],"about":[{"href":"https:\/\/radiocresatelital.com\/index.php?rest_route=\/wp\/v2\/types\/post"}],"author":[{"embeddable":true,"href":"https:\/\/radiocresatelital.com\/index.php?rest_route=\/wp\/v2\/users\/2"}],"replies":[{"embeddable":true,"href":"https:\/\/radiocresatelital.com\/index.php?rest_route=%2Fwp%2Fv2%2Fcomments&post=49280"}],"version-history":[{"count":1,"href":"https:\/\/radiocresatelital.com\/index.php?rest_route=\/wp\/v2\/posts\/49280\/revisions"}],"predecessor-version":[{"id":49282,"href":"https:\/\/radiocresatelital.com\/index.php?rest_route=\/wp\/v2\/posts\/49280\/revisions\/49282"}],"wp:featuredmedia":[{"embeddable":true,"href":"https:\/\/radiocresatelital.com\/index.php?rest_route=\/wp\/v2\/media\/49281"}],"wp:attachment":[{"href":"https:\/\/radiocresatelital.com\/index.php?rest_route=%2Fwp%2Fv2%2Fmedia&parent=49280"}],"wp:term":[{"taxonomy":"category","embeddable":true,"href":"https:\/\/radiocresatelital.com\/index.php?rest_route=%2Fwp%2Fv2%2Fcategories&post=49280"},{"taxonomy":"post_tag","embeddable":true,"href":"https:\/\/radiocresatelital.com\/index.php?rest_route=%2Fwp%2Fv2%2Ftags&post=49280"}],"curies":[{"name":"wp","href":"https:\/\/api.w.org\/{rel}","templated":true}]}}