{"id":49272,"date":"2026-03-16T21:25:04","date_gmt":"2026-03-16T21:25:04","guid":{"rendered":"https:\/\/radiocresatelital.com\/?p=49272"},"modified":"2026-03-16T21:25:13","modified_gmt":"2026-03-16T21:25:13","slug":"prefectura-del-guayas-presenta-gestion-tecnica-con-indicadores-y-resultados-en-materia-ambiental-ante-alcance-en-auditoria-que-inicio-este-lunes-el-ministerio-del-ambiente","status":"publish","type":"post","link":"https:\/\/radiocresatelital.com\/?p=49272","title":{"rendered":"Prefectura del Guayas presenta gesti\u00f3n t\u00e9cnica, con indicadores y resultados en materia ambiental, ante alcance en auditor\u00eda que inici\u00f3,  este lunes, el Ministerio del Ambiente"},"content":{"rendered":"<p>Guayaquil.- El Gobierno Provincial cuenta con la acreditaci\u00f3n de Autoridad Ambiental de Aplicaci\u00f3n Responsable (AAAR), otorgada por el Ministerio de Ambiente y Energ\u00eda (MAE) desde el 2015, raz\u00f3n por la cual, es sujeto de auditor\u00edas para verificar el cumplimiento de lo dispuesto. Bajo ese criterio, en octubre pasado, la cartera de Estado ya hab\u00eda hecho una evaluaci\u00f3n respecto de los procesos de Regularizaci\u00f3n, Control y Seguimiento Ambiental del per\u00edodo 2018\u20132024, hasta el desarrollo de una nueva diligencia, este lunes, 16 de marzo.<\/p>\n<p>\u201cEl Ministerio del Ambiente, el d\u00eda de hoy, ha llegado a las instalaciones de la Direcci\u00f3n de Gesti\u00f3n Ambiental para hacer un alcance a la auditor\u00eda de gesti\u00f3n del per\u00edodo de enero de 2025 a febrero de 2026. Ellos vienen a verificar, justamente, la gesti\u00f3n que, como Prefectura, hemos realizado\u201d, confirm\u00f3 la directora de Gesti\u00f3n Ambiental del Gobierno Provincial, Mar\u00eda Auxiliadora J\u00e1come.<\/p>\n<p>La auditor\u00eda incluye el trabajo operativo realizado a trav\u00e9s de la Direcci\u00f3n de Gesti\u00f3n Ambiental, en cuanto a los procesos de regularizaci\u00f3n (licencias ambientales emitidas), control ambiental, atenci\u00f3n a denuncias y los procesos administrativos ambientales. \u201cTodo est\u00e1 en orden&#8230; Nosotros estamos conscientes de que, como Prefectura, hemos tratado de hacer lo mejor, siempre realizando mejoras continuas\u201d, agreg\u00f3 la directora J\u00e1come.<\/p>\n<p>Sin embargo, la funcionaria record\u00f3 que, tras la primera auditor\u00eda realizada en octubre pasado, se le present\u00f3, a inicios de este a\u00f1o, una propuesta de Plan de Acci\u00f3n al Ministerio de Ambiente, \u201cde la cual a\u00fan no tenemos respuesta\u201d. El Plan resalta la implementaci\u00f3n de mejoras sustanciales en la gesti\u00f3n ambiental, totalmente verificables en los \u00e1mbitos t\u00e9cnico, jur\u00eddico y administrativo.<\/p>\n<p>\u201cEntiendo, de lo que dijo el equipo consultor, es que ellos no tienen todav\u00eda una respuesta a la propuesta de Plan de Acci\u00f3n que nosotros emitimos y que esperan tener una propuesta final en el momento que termine esta auditor\u00eda\u201d, concluy\u00f3 J\u00e1come.<\/p>\n","protected":false},"excerpt":{"rendered":"<p>Guayaquil.- El Gobierno Provincial cuenta con la acreditaci\u00f3n de Autoridad Ambiental de Aplicaci\u00f3n Responsable (AAAR), otorgada por el Ministerio de Ambiente y Energ\u00eda (MAE) desde el 2015, raz\u00f3n por la cual, es sujeto de auditor\u00edas para verificar el cumplimiento de lo dispuesto. Bajo ese criterio, en octubre pasado, la cartera de Estado ya hab\u00eda hecho [&hellip;]<\/p>\n","protected":false},"author":2,"featured_media":49273,"comment_status":"open","ping_status":"closed","sticky":false,"template":"","format":"standard","meta":{"_jetpack_memberships_contains_paid_content":false,"footnotes":""},"categories":[13],"tags":[8118,6178,5422],"class_list":["post-49272","post","type-post","status-publish","format-standard","has-post-thumbnail","hentry","category-noticias-nacionales","tag-autoridad-ambiental-de-aplicacion-responsable","tag-gobierno-provincial","tag-ministerio-de-ambiente-y-energia"],"jetpack_featured_media_url":"https:\/\/radiocresatelital.com\/wp-content\/uploads\/2026\/03\/WhatsApp-Image-2026-03-16-at-15.37.37-3-scaled.jpeg","jetpack_sharing_enabled":true,"_links":{"self":[{"href":"https:\/\/radiocresatelital.com\/index.php?rest_route=\/wp\/v2\/posts\/49272","targetHints":{"allow":["GET"]}}],"collection":[{"href":"https:\/\/radiocresatelital.com\/index.php?rest_route=\/wp\/v2\/posts"}],"about":[{"href":"https:\/\/radiocresatelital.com\/index.php?rest_route=\/wp\/v2\/types\/post"}],"author":[{"embeddable":true,"href":"https:\/\/radiocresatelital.com\/index.php?rest_route=\/wp\/v2\/users\/2"}],"replies":[{"embeddable":true,"href":"https:\/\/radiocresatelital.com\/index.php?rest_route=%2Fwp%2Fv2%2Fcomments&post=49272"}],"version-history":[{"count":1,"href":"https:\/\/radiocresatelital.com\/index.php?rest_route=\/wp\/v2\/posts\/49272\/revisions"}],"predecessor-version":[{"id":49274,"href":"https:\/\/radiocresatelital.com\/index.php?rest_route=\/wp\/v2\/posts\/49272\/revisions\/49274"}],"wp:featuredmedia":[{"embeddable":true,"href":"https:\/\/radiocresatelital.com\/index.php?rest_route=\/wp\/v2\/media\/49273"}],"wp:attachment":[{"href":"https:\/\/radiocresatelital.com\/index.php?rest_route=%2Fwp%2Fv2%2Fmedia&parent=49272"}],"wp:term":[{"taxonomy":"category","embeddable":true,"href":"https:\/\/radiocresatelital.com\/index.php?rest_route=%2Fwp%2Fv2%2Fcategories&post=49272"},{"taxonomy":"post_tag","embeddable":true,"href":"https:\/\/radiocresatelital.com\/index.php?rest_route=%2Fwp%2Fv2%2Ftags&post=49272"}],"curies":[{"name":"wp","href":"https:\/\/api.w.org\/{rel}","templated":true}]}}