{"id":49269,"date":"2026-03-16T21:22:29","date_gmt":"2026-03-16T21:22:29","guid":{"rendered":"https:\/\/radiocresatelital.com\/?p=49269"},"modified":"2026-03-16T21:22:29","modified_gmt":"2026-03-16T21:22:29","slug":"mas-de-4-000-operativos-de-control-se-ejecutaron-en-guayas-durante-la-ultima-semana","status":"publish","type":"post","link":"https:\/\/radiocresatelital.com\/?p=49269","title":{"rendered":"M\u00e1s de 4.000 operativos de control se ejecutaron en Guayas durante la \u00faltima semana"},"content":{"rendered":"<p>Guayaquil.- Entre el 2 y el 8 de marzo de 2026, la Gobernaci\u00f3n del Guayas despleg\u00f3 4.062 operativos de control en distintos cantones y distritos de la provincia, como parte de las acciones permanentes para garantizar el orden, el cumplimiento de la normativa y la seguridad ciudadana.<\/p>\n<p>Durante esta jornada institucional se realizaron 2.585 visitas a establecimientos, lo que permiti\u00f3 verificar condiciones de funcionamiento y cumplimiento de disposiciones legales. Como resultado de estos controles se registraron 232 locales citados, 19 suspendidos y 4 clausurados.<\/p>\n<p>Los operativos incluyeron 557 controles de precio, peso y calidad, as\u00ed como intervenciones en establecimientos regulados: 148 operativos en locales de diversi\u00f3n nocturna de categor\u00edas 1, 2 y 3; 96 en<br \/>\nestablecimientos de categor\u00eda 4; y 288 en locales de categor\u00edas 5 y 6.<\/p>\n<p>Adicionalmente, se ejecutaron 30 operativos de control en espect\u00e1culos p\u00fablicos, junto con 17 operativos interinstitucionales y antidelincuenciales, adem\u00e1s de 6 operativos CAMEX.<\/p>\n<p>Todas estas acciones se realizaron en coordinaci\u00f3n con la Polic\u00eda Nacional, las Fuerzas Armadas, la Comisi\u00f3n de Tr\u00e1nsito del Ecuador y los comisarios nacionales, fortaleciendo el trabajo articulado del Estado en territorio.<\/p>\n<p>La intendenta general de Polic\u00eda del Guayas, Anunziatta Tinoco, destac\u00f3 que estos resultados reflejan un trabajo constante de control institucional en la provincia.<\/p>\n<p>\u201cLos operativos se ejecutan de manera permanente y articulada con las instituciones de seguridad del Estado. Nuestro objetivo es garantizar el cumplimiento de la ley, proteger a la ciudadan\u00eda y mantener el orden en cada cant\u00f3n de la provincia\u201d, se\u00f1al\u00f3.<\/p>\n<p>En el despliegue territorial de la semana se registr\u00f3 mayor n\u00famero de intervenciones en cantones y sectores como Naranjito, Colimes, El Empalme, Balao, Sur y Portete, donde se intensificaron los controles.<\/p>\n<p>Por su parte, el gobernador del Guayas, Jos\u00e9 Ignacio Ar\u00e9valo Santana, subray\u00f3 que la presencia institucional en territorio es una prioridad.<\/p>\n","protected":false},"excerpt":{"rendered":"<p>Guayaquil.- Entre el 2 y el 8 de marzo de 2026, la Gobernaci\u00f3n del Guayas despleg\u00f3 4.062 operativos de control en distintos cantones y distritos de la provincia, como parte de las acciones permanentes para garantizar el orden, el cumplimiento de la normativa y la seguridad ciudadana. Durante esta jornada institucional se realizaron 2.585 visitas [&hellip;]<\/p>\n","protected":false},"author":2,"featured_media":49270,"comment_status":"open","ping_status":"closed","sticky":false,"template":"","format":"standard","meta":{"_jetpack_memberships_contains_paid_content":false,"footnotes":""},"categories":[13],"tags":[964],"class_list":["post-49269","post","type-post","status-publish","format-standard","has-post-thumbnail","hentry","category-noticias-nacionales","tag-gobernacion-del-guayas"],"jetpack_featured_media_url":"https:\/\/radiocresatelital.com\/wp-content\/uploads\/2026\/03\/WhatsApp-Image-2026-03-13-at-16.53.19.jpeg","jetpack_sharing_enabled":true,"_links":{"self":[{"href":"https:\/\/radiocresatelital.com\/index.php?rest_route=\/wp\/v2\/posts\/49269","targetHints":{"allow":["GET"]}}],"collection":[{"href":"https:\/\/radiocresatelital.com\/index.php?rest_route=\/wp\/v2\/posts"}],"about":[{"href":"https:\/\/radiocresatelital.com\/index.php?rest_route=\/wp\/v2\/types\/post"}],"author":[{"embeddable":true,"href":"https:\/\/radiocresatelital.com\/index.php?rest_route=\/wp\/v2\/users\/2"}],"replies":[{"embeddable":true,"href":"https:\/\/radiocresatelital.com\/index.php?rest_route=%2Fwp%2Fv2%2Fcomments&post=49269"}],"version-history":[{"count":1,"href":"https:\/\/radiocresatelital.com\/index.php?rest_route=\/wp\/v2\/posts\/49269\/revisions"}],"predecessor-version":[{"id":49271,"href":"https:\/\/radiocresatelital.com\/index.php?rest_route=\/wp\/v2\/posts\/49269\/revisions\/49271"}],"wp:featuredmedia":[{"embeddable":true,"href":"https:\/\/radiocresatelital.com\/index.php?rest_route=\/wp\/v2\/media\/49270"}],"wp:attachment":[{"href":"https:\/\/radiocresatelital.com\/index.php?rest_route=%2Fwp%2Fv2%2Fmedia&parent=49269"}],"wp:term":[{"taxonomy":"category","embeddable":true,"href":"https:\/\/radiocresatelital.com\/index.php?rest_route=%2Fwp%2Fv2%2Fcategories&post=49269"},{"taxonomy":"post_tag","embeddable":true,"href":"https:\/\/radiocresatelital.com\/index.php?rest_route=%2Fwp%2Fv2%2Ftags&post=49269"}],"curies":[{"name":"wp","href":"https:\/\/api.w.org\/{rel}","templated":true}]}}