{"id":49213,"date":"2026-03-16T18:22:52","date_gmt":"2026-03-16T18:22:52","guid":{"rendered":"https:\/\/radiocresatelital.com\/?p=49213"},"modified":"2026-03-16T18:22:52","modified_gmt":"2026-03-16T18:22:52","slug":"gobierno-de-daniel-noboa-presenta-el-plan-nacional-de-reduccion-de-residuos-plasticos-de-ecuador","status":"publish","type":"post","link":"https:\/\/radiocresatelital.com\/?p=49213","title":{"rendered":"Gobierno de Daniel Noboa presenta el Plan Nacional de Reducci\u00f3n de Residuos Pl\u00e1sticos de Ecuador"},"content":{"rendered":"<p class=\"has-medium-font-size\">Quito.- El Gobierno Nacional present\u00f3 el Plan Nacional de Reducci\u00f3n de Residuos Pl\u00e1sticos (PNRRP), que incluye el ambiente marino. Esta hoja de ruta que articula al Estado, gobiernos locales, sector privado y sociedad civil, establece las acciones estrat\u00e9gicas para reducir la contaminaci\u00f3n por residuos pl\u00e1sticos y avanzar hacia una econom\u00eda circular en el pa\u00eds.<\/p>\n<p class=\"has-medium-font-size\">La formulaci\u00f3n de este instrumento es liderada por el Ministerio de Ambiente y Energ\u00eda, con la articulaci\u00f3n t\u00e9cnica del Fondo Mundial para la Naturaleza (WWF Ecuador) y la Plataforma Nacional de Acci\u00f3n por los Pl\u00e1sticos (NPAP Ecuador), a trav\u00e9s del\u00a0Programa de las Naciones Unidas para el Medio Ambiente (PNUMA)\u00a0y el programa multisectorial\u00a0Global Partnership on Plastic Pollution and Marine Litter (GPML).<\/p>\n<p class=\"has-medium-font-size\">El plan orienta las pol\u00edticas p\u00fablicas para prevenir, reducir, redise\u00f1ar, reciclar y gestionar de forma m\u00e1s responsable los pl\u00e1sticos, con el objetivo de alcanzar al menos una reducci\u00f3n del 19% en la generaci\u00f3n de residuos pl\u00e1sticos, equivalente a 119 mil toneladas para el a\u00f1o 2040, en comparaci\u00f3n con los niveles de 2026.<\/p>\n<p class=\"has-medium-font-size\">La l\u00ednea base nacional levantada en el 2022 por la Plataforma Nacional de Pl\u00e1sticos (NPAP-Ecuador) estima una generaci\u00f3n de 627 mil toneladas de residuos pl\u00e1sticos al a\u00f1o.<\/p>\n<p class=\"has-medium-font-size\">En este camino, el principal desaf\u00edo est\u00e1 en la reducci\u00f3n de residuos de envases, empaques y embalajes, que representan la mayor parte de los pl\u00e1sticos que circulan en el mercado. Ante esa realidad, este Plan de Acci\u00f3n concentra 5 ejes estrat\u00e9gicos:<\/p>\n<ol class=\"wp-block-list\">\n<li class=\"has-medium-font-size\">Reducir la generaci\u00f3n de residuos pl\u00e1sticos desde el origen.<\/li>\n<li class=\"has-medium-font-size\">Fortalecer la gesti\u00f3n adecuada de los residuos en todo el pa\u00eds.<\/li>\n<li class=\"has-medium-font-size\">Impulsar el reciclaje inclusivo, reconociendo el trabajo de los recicladores de base \u00a0\u00a0\u00a0\u00a0\u00a0y promoviendo una transici\u00f3n justa.<\/li>\n<li class=\"has-medium-font-size\">Prevenir la contaminaci\u00f3n por pl\u00e1sticos en zonas marino-costeras, Gal\u00e1pagos, \u00e1reas protegidas y territorios de conservaci\u00f3n.<\/li>\n<li class=\"has-medium-font-size\">Fortalecer la investigaci\u00f3n y la informaci\u00f3n, para contar con mejores datos que orienten las decisiones del pa\u00eds, precis\u00f3 In\u00e9s Mar\u00eda Manzano, ministra de Ambiente y Energ\u00eda.<\/li>\n<\/ol>\n<p class=\"has-medium-font-size\">Los estudios indican que el problema de la contaminaci\u00f3n por pl\u00e1sticos en Ecuador se concentra principalmente en el sector de envases, empaques y embalajes, el cual representa m\u00e1s del 80% de los pl\u00e1sticos puestos en el mercado y que, adem\u00e1s, son principalmente de un solo uso. El plan tambi\u00e9n orienta medidas prioritarias hacia tres resinas (polietileno (PE), polipropileno (PP) y PET), las cuales concentran cerca del 85% del volumen total.<\/p>\n<p class=\"has-medium-font-size\">De esta forma, el Gobierno Nacional propone fortalecer la trazabilidad y la transparencia de la informaci\u00f3n mediante un sistema de datos que permita monitorear la vida \u00fatil del pl\u00e1stico, desde que se coloca en el mercado hasta su disposici\u00f3n final.<\/p>\n","protected":false},"excerpt":{"rendered":"<p>Quito.- El Gobierno Nacional present\u00f3 el Plan Nacional de Reducci\u00f3n de Residuos Pl\u00e1sticos (PNRRP), que incluye el ambiente marino. Esta hoja de ruta que articula al Estado, gobiernos locales, sector privado y sociedad civil, establece las acciones estrat\u00e9gicas para reducir la contaminaci\u00f3n por residuos pl\u00e1sticos y avanzar hacia una econom\u00eda circular en el pa\u00eds. La [&hellip;]<\/p>\n","protected":false},"author":2,"featured_media":49214,"comment_status":"open","ping_status":"closed","sticky":false,"template":"","format":"standard","meta":{"_jetpack_memberships_contains_paid_content":false,"footnotes":""},"categories":[13],"tags":[5422,8103],"class_list":["post-49213","post","type-post","status-publish","format-standard","has-post-thumbnail","hentry","category-noticias-nacionales","tag-ministerio-de-ambiente-y-energia","tag-plan-nacional-de-reduccion-de-residuos-plasticos"],"jetpack_featured_media_url":"https:\/\/radiocresatelital.com\/wp-content\/uploads\/2026\/03\/WhatsApp-Image-2026-03-16-at-11.50.02.jpeg","jetpack_sharing_enabled":true,"_links":{"self":[{"href":"https:\/\/radiocresatelital.com\/index.php?rest_route=\/wp\/v2\/posts\/49213","targetHints":{"allow":["GET"]}}],"collection":[{"href":"https:\/\/radiocresatelital.com\/index.php?rest_route=\/wp\/v2\/posts"}],"about":[{"href":"https:\/\/radiocresatelital.com\/index.php?rest_route=\/wp\/v2\/types\/post"}],"author":[{"embeddable":true,"href":"https:\/\/radiocresatelital.com\/index.php?rest_route=\/wp\/v2\/users\/2"}],"replies":[{"embeddable":true,"href":"https:\/\/radiocresatelital.com\/index.php?rest_route=%2Fwp%2Fv2%2Fcomments&post=49213"}],"version-history":[{"count":1,"href":"https:\/\/radiocresatelital.com\/index.php?rest_route=\/wp\/v2\/posts\/49213\/revisions"}],"predecessor-version":[{"id":49215,"href":"https:\/\/radiocresatelital.com\/index.php?rest_route=\/wp\/v2\/posts\/49213\/revisions\/49215"}],"wp:featuredmedia":[{"embeddable":true,"href":"https:\/\/radiocresatelital.com\/index.php?rest_route=\/wp\/v2\/media\/49214"}],"wp:attachment":[{"href":"https:\/\/radiocresatelital.com\/index.php?rest_route=%2Fwp%2Fv2%2Fmedia&parent=49213"}],"wp:term":[{"taxonomy":"category","embeddable":true,"href":"https:\/\/radiocresatelital.com\/index.php?rest_route=%2Fwp%2Fv2%2Fcategories&post=49213"},{"taxonomy":"post_tag","embeddable":true,"href":"https:\/\/radiocresatelital.com\/index.php?rest_route=%2Fwp%2Fv2%2Ftags&post=49213"}],"curies":[{"name":"wp","href":"https:\/\/api.w.org\/{rel}","templated":true}]}}