{"id":49182,"date":"2026-03-15T00:24:29","date_gmt":"2026-03-15T00:24:29","guid":{"rendered":"https:\/\/radiocresatelital.com\/?p=49182"},"modified":"2026-03-15T00:24:29","modified_gmt":"2026-03-15T00:24:29","slug":"megaoperativo-humanitario-prefectura-del-guayas-entrega-ayuda-de-forma-simultanea-a-2517-familias-afectadas-por-la-epoca-lluviosa-en-10-cantones","status":"publish","type":"post","link":"https:\/\/radiocresatelital.com\/?p=49182","title":{"rendered":"Megaoperativo humanitario: Prefectura del Guayas entrega ayuda de forma simult\u00e1nea a 2517 familias afectadas por la \u00e9poca lluviosa en 10 cantones"},"content":{"rendered":"<p>Guayaquil.- La Prefectura del Guayas despleg\u00f3 este s\u00e1bado un nuevo operativo provincial de asistencia humanitaria para atender a las familias afectadas por la temporada invernal, llevando ayuda directa y simult\u00e1nea a 2517 hogares en 10 cantones de la provincia.<\/p>\n<p>Brigadas t\u00e9cnicas de la instituci\u00f3n recorrieron comunidades impactadas por las lluvias y las inundaciones en Salitre, Daule, Samborond\u00f3n, Colimes, Balzar, Jujan, Sim\u00f3n Bol\u00edvar, Santa Luc\u00eda, Dur\u00e1n y Balao, donde se entregaron kits de alimentos y colchones destinados a apoyar a las familias cuyas viviendas han sido afectadas por el ingreso de agua.<\/p>\n<p>Adem\u00e1s de Balao, el cant\u00f3n Salitre registr\u00f3 el mayor n\u00famero de beneficiarios del operativo, con 465 familias atendidas en los sectores Candilejo de Abajo y la comunidad de Roque.<\/p>\n<p>En Balao, la asistencia lleg\u00f3 a m\u00e1s de 600 familias del sector Santa Teresita y el Barrio Nuevo, mientras que en Samborond\u00f3n, espec\u00edficamente en Uni\u00f3n Victoria, Boca de Yaguachi y Monterrey, 267 familias recibieron apoyo.<\/p>\n<p>De igual forma, la ayuda se distribuy\u00f3 en:<br \/>\n\u2022 Dur\u00e1n: 250 familias beneficiadas<br \/>\n\u2022 Jujan: 250 familias<br \/>\n\u2022 Balzar: 185 familias<br \/>\n\u2022 Sim\u00f3n Bol\u00edvar: 140 familias<br \/>\n\u2022 Daule: 130 familias<br \/>\n\u2022 Santa Luc\u00eda: 120 familias<br \/>\n\u2022 Colimes: 110 familias<br \/>\nEn el cant\u00f3n Santa Luc\u00eda, la asistencia se concentr\u00f3 en los recintos La Judith y Perla de las Pe\u00f1as, zonas afectadas por las inundaciones provocadas por la temporada invernal. \u201cMuy contenta, porque nos han dado la comida y el colch\u00f3n. Le agradezco bastante a la Prefecta (Marcela Agui\u00f1aga) por la ayuda&#8230;\u201d, expres\u00f3 Marta Elvia Jim\u00e9nez Pinela, beneficiaria.<\/p>\n<p>En Colimes, con la entrega de asistencia, centenas de familias de Las Guaijas y Las Cruces pueden aplacar un poco la situaci\u00f3n que enfrentan, ante la falta de trabajo por sembr\u00edos inundados y zonas inaccesibles. \u00abSe ha escuchado que no pueden salir porque est\u00e1 hondo&#8230; Esta ayuda servir\u00e1 de mucho para mis hijos, para mi familia\u00bb, resalt\u00f3 Solange Camejo.<\/p>\n<p>En Jujan, mientras tanto, el desbordamiento del r\u00edo Chilintomo ha provocado importantes afectaciones. La jornada se extendi\u00f3 a sectores como Barrio Sur, La Playita, Los Antolines, La Invasi\u00f3n, Coop. 10 de Abril y Primero de Mayo, en beneficio de 250 familias, con kits de alimentos no perecibles y colchones. \u201cAhora s\u00ed podemos acostarnos al menos en algo fresco y seco, porque solamente pasar en el agua nos pica los pies y peor si dormimos en un colch\u00f3n mojado, nos va a picar el cuerpo\u00bb, se\u00f1al\u00f3.<\/p>\n<p>Este operativo forma parte del despliegue permanente que mantiene la Prefectura del Guayas para atender las emergencias reportadas por la \u00e9poca lluviosa que, actualmente, ascienden a 95 en toda la provincia.<\/p>\n","protected":false},"excerpt":{"rendered":"<p>Guayaquil.- La Prefectura del Guayas despleg\u00f3 este s\u00e1bado un nuevo operativo provincial de asistencia humanitaria para atender a las familias afectadas por la temporada invernal, llevando ayuda directa y simult\u00e1nea a 2517 hogares en 10 cantones de la provincia. Brigadas t\u00e9cnicas de la instituci\u00f3n recorrieron comunidades impactadas por las lluvias y las inundaciones en Salitre, [&hellip;]<\/p>\n","protected":false},"author":2,"featured_media":49183,"comment_status":"open","ping_status":"closed","sticky":false,"template":"","format":"standard","meta":{"_jetpack_memberships_contains_paid_content":false,"footnotes":""},"categories":[13],"tags":[6370],"class_list":["post-49182","post","type-post","status-publish","format-standard","has-post-thumbnail","hentry","category-noticias-nacionales","tag-prefectura-del-guayas"],"jetpack_featured_media_url":"https:\/\/radiocresatelital.com\/wp-content\/uploads\/2026\/03\/WhatsApp-Image-2026-03-14-at-17.50.54.jpeg","jetpack_sharing_enabled":true,"_links":{"self":[{"href":"https:\/\/radiocresatelital.com\/index.php?rest_route=\/wp\/v2\/posts\/49182","targetHints":{"allow":["GET"]}}],"collection":[{"href":"https:\/\/radiocresatelital.com\/index.php?rest_route=\/wp\/v2\/posts"}],"about":[{"href":"https:\/\/radiocresatelital.com\/index.php?rest_route=\/wp\/v2\/types\/post"}],"author":[{"embeddable":true,"href":"https:\/\/radiocresatelital.com\/index.php?rest_route=\/wp\/v2\/users\/2"}],"replies":[{"embeddable":true,"href":"https:\/\/radiocresatelital.com\/index.php?rest_route=%2Fwp%2Fv2%2Fcomments&post=49182"}],"version-history":[{"count":1,"href":"https:\/\/radiocresatelital.com\/index.php?rest_route=\/wp\/v2\/posts\/49182\/revisions"}],"predecessor-version":[{"id":49184,"href":"https:\/\/radiocresatelital.com\/index.php?rest_route=\/wp\/v2\/posts\/49182\/revisions\/49184"}],"wp:featuredmedia":[{"embeddable":true,"href":"https:\/\/radiocresatelital.com\/index.php?rest_route=\/wp\/v2\/media\/49183"}],"wp:attachment":[{"href":"https:\/\/radiocresatelital.com\/index.php?rest_route=%2Fwp%2Fv2%2Fmedia&parent=49182"}],"wp:term":[{"taxonomy":"category","embeddable":true,"href":"https:\/\/radiocresatelital.com\/index.php?rest_route=%2Fwp%2Fv2%2Fcategories&post=49182"},{"taxonomy":"post_tag","embeddable":true,"href":"https:\/\/radiocresatelital.com\/index.php?rest_route=%2Fwp%2Fv2%2Ftags&post=49182"}],"curies":[{"name":"wp","href":"https:\/\/api.w.org\/{rel}","templated":true}]}}