{"id":49127,"date":"2026-03-13T19:45:11","date_gmt":"2026-03-13T19:45:11","guid":{"rendered":"https:\/\/radiocresatelital.com\/?p=49127"},"modified":"2026-03-13T19:45:11","modified_gmt":"2026-03-13T19:45:11","slug":"seleccion-de-ecuador-lista-para-el-campeonato-panamericano-de-ruta-2026","status":"publish","type":"post","link":"https:\/\/radiocresatelital.com\/?p=49127","title":{"rendered":"Selecci\u00f3n de Ecuador lista para el Campeonato Panamericano de Ruta 2026"},"content":{"rendered":"<p>Quito.- La selecci\u00f3n ecuatoriana de ciclismo se prepara para competir en el Campeonato Panamericano de Ruta 2026, que se disputar\u00e1 del 17 al 22 de marzo en Monter\u00eda, Colombia. El certamen reunir\u00e1 a los mejores ciclistas del continente y forma parte de las pruebas m\u00e1s importantes del calendario panamericano.<\/p>\n<p>La delegaci\u00f3n tricolor participar\u00e1 en las modalidades de contrarreloj individual (CRI) y ruta, en las categor\u00edas juvenil, sub 23 y \u00e9lite, tanto en damas como en varones.<\/p>\n<p>En la \u00e9lite masculina competir\u00e1n: Cristian Pita, Santiago Montenegro, Bayron Guam\u00e1 y Pablo Caicedo, corredores con experiencia en el pelot\u00f3n internacional.<\/p>\n<p>En damas, dentro de las categor\u00edas \u00e9lite y sub 23, estar\u00e1n: Natalie Revelo, Miryam N\u00fa\u00f1ez y Camila Salgado, quienes buscar\u00e1n mantener el crecimiento del ciclismo femenino ecuatoriano a nivel continental.<\/p>\n<p>El equipo sub 23 masculino estar\u00e1 integrado por Kevin Navas, Alejandro Pita y Anthony Coque, parte del proceso de proyecci\u00f3n del ciclismo nacional.<\/p>\n<p>En la categor\u00eda juvenil participar\u00e1n Hern\u00e1n Bastidas, Jaider Rosero y Ronny Gualpa en varones, mientras que en damas lo har\u00e1n Nahomi J\u00e1tiva, Alisson Fuertes y Brittany Vaicilla.<\/p>\n<p>El campeonato contar\u00e1 con delegaciones de m\u00e1s de veinte pa\u00edses y una semana completa de competencia. Las pruebas de contrarreloj individual se disputar\u00e1n el 17 y 19 de marzo sobre la Circunvalar de Monter\u00eda, con distancias de 14.5 kil\u00f3metros para damas juveniles, 22.6 km para varones juveniles, 31.4 km para damas \u00e9lite, 36 km para varones sub 23 y 43.1 km para \u00e9lite masculina.<\/p>\n<p>Las pruebas de ruta se correr\u00e1n entre el 20 y el 22 de marzo en circuitos ubicados en Monter\u00eda y el municipio de Ceret\u00e9. Las categor\u00edas juveniles abrir\u00e1n el programa, mientras que las competencias \u00e9lite y sub 23 lo cerrar\u00e1n, destacando la prueba \u00e9lite masculina, considerada la principal del campeonato, con un recorrido aproximado de 200 kil\u00f3metros.<\/p>\n","protected":false},"excerpt":{"rendered":"<p>Quito.- La selecci\u00f3n ecuatoriana de ciclismo se prepara para competir en el Campeonato Panamericano de Ruta 2026, que se disputar\u00e1 del 17 al 22 de marzo en Monter\u00eda, Colombia. El certamen reunir\u00e1 a los mejores ciclistas del continente y forma parte de las pruebas m\u00e1s importantes del calendario panamericano. La delegaci\u00f3n tricolor participar\u00e1 en las [&hellip;]<\/p>\n","protected":false},"author":2,"featured_media":49128,"comment_status":"open","ping_status":"closed","sticky":false,"template":"","format":"standard","meta":{"_jetpack_memberships_contains_paid_content":false,"footnotes":""},"categories":[120,9],"tags":[8088],"class_list":["post-49127","post","type-post","status-publish","format-standard","has-post-thumbnail","hentry","category-ciclismo","category-deportes","tag-campeonato-panamericano-de-ruta-2026"],"jetpack_featured_media_url":"https:\/\/radiocresatelital.com\/wp-content\/uploads\/2026\/03\/WhatsApp-Image-2026-03-13-at-10.59.38.jpeg","jetpack_sharing_enabled":true,"_links":{"self":[{"href":"https:\/\/radiocresatelital.com\/index.php?rest_route=\/wp\/v2\/posts\/49127","targetHints":{"allow":["GET"]}}],"collection":[{"href":"https:\/\/radiocresatelital.com\/index.php?rest_route=\/wp\/v2\/posts"}],"about":[{"href":"https:\/\/radiocresatelital.com\/index.php?rest_route=\/wp\/v2\/types\/post"}],"author":[{"embeddable":true,"href":"https:\/\/radiocresatelital.com\/index.php?rest_route=\/wp\/v2\/users\/2"}],"replies":[{"embeddable":true,"href":"https:\/\/radiocresatelital.com\/index.php?rest_route=%2Fwp%2Fv2%2Fcomments&post=49127"}],"version-history":[{"count":1,"href":"https:\/\/radiocresatelital.com\/index.php?rest_route=\/wp\/v2\/posts\/49127\/revisions"}],"predecessor-version":[{"id":49129,"href":"https:\/\/radiocresatelital.com\/index.php?rest_route=\/wp\/v2\/posts\/49127\/revisions\/49129"}],"wp:featuredmedia":[{"embeddable":true,"href":"https:\/\/radiocresatelital.com\/index.php?rest_route=\/wp\/v2\/media\/49128"}],"wp:attachment":[{"href":"https:\/\/radiocresatelital.com\/index.php?rest_route=%2Fwp%2Fv2%2Fmedia&parent=49127"}],"wp:term":[{"taxonomy":"category","embeddable":true,"href":"https:\/\/radiocresatelital.com\/index.php?rest_route=%2Fwp%2Fv2%2Fcategories&post=49127"},{"taxonomy":"post_tag","embeddable":true,"href":"https:\/\/radiocresatelital.com\/index.php?rest_route=%2Fwp%2Fv2%2Ftags&post=49127"}],"curies":[{"name":"wp","href":"https:\/\/api.w.org\/{rel}","templated":true}]}}