{"id":49057,"date":"2026-03-12T20:26:58","date_gmt":"2026-03-12T20:26:58","guid":{"rendered":"https:\/\/radiocresatelital.com\/?p=49057"},"modified":"2026-03-12T20:26:58","modified_gmt":"2026-03-12T20:26:58","slug":"150-camaras-corporales-se-integran-al-trabajo-de-agentes-de-transito-y-servidores-policiales","status":"publish","type":"post","link":"https:\/\/radiocresatelital.com\/?p=49057","title":{"rendered":"150 c\u00e1maras corporales se integran al trabajo de agentes de tr\u00e1nsito y servidores policiales"},"content":{"rendered":"<p>Dur\u00e1n.- Con el objetivo de fortalecer la transparencia, la integridad y la correcta actuaci\u00f3n en cada procedimiento, como parte del proceso de intervenci\u00f3n que ejecuta la Polic\u00eda Nacional en la ATD, desde hoy 90 Agentes Civiles de Tr\u00e1nsito y 60 servidores policiales portar\u00e1n c\u00e1maras corporales con tecnolog\u00eda de vanguardia durante el cumplimiento de sus funciones.<\/p>\n<p>Esta iniciativa marca un paso importante en la modernizaci\u00f3n de la gesti\u00f3n del tr\u00e1nsito en la ciudad, al incorporar herramientas tecnol\u00f3gicas que permiten registrar de manera continua los procedimientos realizados en la v\u00eda p\u00fablica, garantizando mayor respaldo institucional y seguridad tanto para los funcionarios como para la ciudadan\u00eda.<\/p>\n<p>\u201cSabemos que la ciudadan\u00eda demandaba mayor control y reglas claras. Y hoy respondemos con hechos, con acciones concretas que fortalecen la institucionalidad y devuelven la confianza en el trabajo que realizan nuestros agentes y servidores policiales.\u201d, mencion\u00f3 el Tcnl. Santiago Viteri, Jefe de la Subjefatura de Tr\u00e1nsito y Seguridad Vial de Dur\u00e1n, durante el acto de entrega formal.<\/p>\n<p>Los dispositivos operar\u00e1n bajo un esquema de supervisi\u00f3n permanente de la Polic\u00eda Nacional a trav\u00e9s de un centro de monitoreo, lo que asegurar\u00e1 un control continuo, objetivo y t\u00e9cnico sobre la informaci\u00f3n registrada durante cada intervenci\u00f3n.<\/p>\n<p>Adem\u00e1s, las c\u00e1maras permiten el monitoreo en tiempo real, ubicaci\u00f3n por sistema de posicionamiento global, garantizando la custodia, trazabilidad y resguardo de cada registro generado durante los operativos. La implementaci\u00f3n de estas c\u00e1maras corporales permitir\u00e1 que cada procedimiento quede documentado, generando evidencia objetiva y verificable ante cualquier proceso de control o investigaci\u00f3n.<\/p>\n<p>La incorporaci\u00f3n de esta tecnolog\u00eda representa un antes y un despu\u00e9s en la gesti\u00f3n del tr\u00e1nsito, consolidando un modelo de control m\u00e1s transparente, moderno y orientado al servicio de la ciudadan\u00eda.<\/p>\n","protected":false},"excerpt":{"rendered":"<p>Dur\u00e1n.- Con el objetivo de fortalecer la transparencia, la integridad y la correcta actuaci\u00f3n en cada procedimiento, como parte del proceso de intervenci\u00f3n que ejecuta la Polic\u00eda Nacional en la ATD, desde hoy 90 Agentes Civiles de Tr\u00e1nsito y 60 servidores policiales portar\u00e1n c\u00e1maras corporales con tecnolog\u00eda de vanguardia durante el cumplimiento de sus funciones. [&hellip;]<\/p>\n","protected":false},"author":2,"featured_media":49058,"comment_status":"open","ping_status":"closed","sticky":false,"template":"","format":"standard","meta":{"_jetpack_memberships_contains_paid_content":false,"footnotes":""},"categories":[13],"tags":[8077,8076],"class_list":["post-49057","post","type-post","status-publish","format-standard","has-post-thumbnail","hentry","category-noticias-nacionales","tag-agentes-civiles-de-transito","tag-policia-nacional-en-la-atd"],"jetpack_featured_media_url":"https:\/\/radiocresatelital.com\/wp-content\/uploads\/2026\/03\/WhatsApp-Image-2026-03-12-at-15.14.33.jpeg","jetpack_sharing_enabled":true,"_links":{"self":[{"href":"https:\/\/radiocresatelital.com\/index.php?rest_route=\/wp\/v2\/posts\/49057","targetHints":{"allow":["GET"]}}],"collection":[{"href":"https:\/\/radiocresatelital.com\/index.php?rest_route=\/wp\/v2\/posts"}],"about":[{"href":"https:\/\/radiocresatelital.com\/index.php?rest_route=\/wp\/v2\/types\/post"}],"author":[{"embeddable":true,"href":"https:\/\/radiocresatelital.com\/index.php?rest_route=\/wp\/v2\/users\/2"}],"replies":[{"embeddable":true,"href":"https:\/\/radiocresatelital.com\/index.php?rest_route=%2Fwp%2Fv2%2Fcomments&post=49057"}],"version-history":[{"count":1,"href":"https:\/\/radiocresatelital.com\/index.php?rest_route=\/wp\/v2\/posts\/49057\/revisions"}],"predecessor-version":[{"id":49059,"href":"https:\/\/radiocresatelital.com\/index.php?rest_route=\/wp\/v2\/posts\/49057\/revisions\/49059"}],"wp:featuredmedia":[{"embeddable":true,"href":"https:\/\/radiocresatelital.com\/index.php?rest_route=\/wp\/v2\/media\/49058"}],"wp:attachment":[{"href":"https:\/\/radiocresatelital.com\/index.php?rest_route=%2Fwp%2Fv2%2Fmedia&parent=49057"}],"wp:term":[{"taxonomy":"category","embeddable":true,"href":"https:\/\/radiocresatelital.com\/index.php?rest_route=%2Fwp%2Fv2%2Fcategories&post=49057"},{"taxonomy":"post_tag","embeddable":true,"href":"https:\/\/radiocresatelital.com\/index.php?rest_route=%2Fwp%2Fv2%2Ftags&post=49057"}],"curies":[{"name":"wp","href":"https:\/\/api.w.org\/{rel}","templated":true}]}}