{"id":48710,"date":"2026-03-06T05:33:20","date_gmt":"2026-03-06T05:33:20","guid":{"rendered":"https:\/\/radiocresatelital.com\/?p=48710"},"modified":"2026-03-06T05:33:20","modified_gmt":"2026-03-06T05:33:20","slug":"macara-derrota-de-visitante-a-orense-y-jugara-fase-de-grupos-en-copa-sudamericana","status":"publish","type":"post","link":"https:\/\/radiocresatelital.com\/?p=48710","title":{"rendered":"Macar\u00e1 derrota de visitante a Orense y jugar\u00e1 fase de grupos en Copa Sudamericana"},"content":{"rendered":"<p>Machala.- Con anotaci\u00f3n en solitario del volante Gaston Blanc, Macar\u00e1 ha derrotado por la m\u00ednima a Orense en condici\u00f3n de visitante clasificando a la fase de grupos de la Copa Sudamericana cotejo jugado en el Estadio \u00ab9 de Mayo\u00bb ante unos 12000 espectadores.<\/p>\n<p>Ra\u00fal Antu\u00f1a t\u00e9cnico bananero apost\u00f3 con un 4 &#8211; 4 &#8211; 2, mientras que Guillermo Sanguinetti coloc\u00f3 en el terreno de juego un 4 &#8211; 2 &#8211; 3 &#8211; 1.<\/p>\n<p>En los primeros instantes del partido, se pudo observar a un cuadro ambate\u00f1o mejor plantado en el terreno de juego, buscando abrir el marcador, por su parte, Orense no atinaba controlar bien el bal\u00f3n en la mitad de la cancha.<\/p>\n<p>Juan Espinoza cobra un lateral para Mart\u00edn Tello que le devuelve el bal\u00f3n y aprovecha para habilitar a Franco Posse que ingresa al \u00e1rea para rematar fuerte de derecha pero el portero reacciona y desv\u00eda el bal\u00f3n al tiro de esquina, en la primera llegada a fondo de Macar\u00e1.<\/p>\n<p>Buena jugada colectiva de los bananeros, Bryan Vi\u00f1an coloca un centro para la llegada de Paul Charpentier quien intenta cabecear con la marca de Jos\u00e9 Marrufo pero su disparo sale desviado.<\/p>\n<p>Espinoza desde la derecha pone un centro al \u00e1rea donde Charpentier la baja de cabeza y observa la llegada de Sergio V\u00e1squez pero pone un pase en el ingreso de Agust\u00edn Herrera quien remata suave a las manos del portero ambate\u00f1o.<\/p>\n<p>Federico Paz recibe un bal\u00f3n en el \u00e1rea bananera se saca la marca de los centrales de Orense para sacar un remate suave a las manos de Rolando Silva y con eso finalizaba el primer tiempo.<\/p>\n<p><img decoding=\"async\" class=\"aligncenter\" src=\"https:\/\/revistawinner.ec\/wp-content\/uploads\/2026\/03\/macara-festejo-5mar2026.jpg\" \/><\/p>\n<p>Para la segunda parte del partido, Ra\u00fal Antu\u00f1a hace una variante en la mitad del terreno, ingresa Gonzalo Rostagno y deja en el banco de suplentes a Michael Berm\u00fadez, mientras que Sanguinetti no movi\u00f3 su once abridor.<\/p>\n<p>Mart\u00edn Tello por zurda toca el bal\u00f3n para Federico Paz quien habilita a Franco Posse quien remata fuerte de media distancia pero el disparo se va lejos de la porter\u00eda de Orense.<\/p>\n<p>Federico Paz toca en profundidad para la llegada de Luis Ayala quienmpone un centro al \u00e1rea para la llegada de Mart\u00edn Tello quien remata desviado y se salva Orense.<\/p>\n<p>Orense a los tiempos se acuerda de atacar, Rostagno coloca un pase en profundidad para Charpentier que pone un pase para Agust\u00edn Herrera pero la defensa del Macar\u00e1 llega primero y salva su arco.<\/p>\n<p>El medio campo de Orense no atina a defender porque presiona mucho los volantes ambate\u00f1os.<\/p>\n<p>A los 68 minutos, Juan Espinoza pone un largo centro al \u00e1rea bananera, Alan Lorenzo rechaza el bal\u00f3n al centro donde recoge ese bal\u00f3n Gaston Blanc para rematar de media distancia y concretar la primera anotaci\u00f3n del partido. 1 x 0<\/p>\n<p>Luego de la anotaci\u00f3n, Orense tuvo que adelantar las l\u00edneas porque ten\u00eda que buscar la anotaci\u00f3n del empate porque se estaba quedanbdo fuera de la fase de grupos en Copa Sudamericana.<\/p>\n<p>Sergio V\u00e1squez cobra un tiro libre al \u00e1rea ambate\u00f1a, la defensa rechaza el bal\u00f3n que llega a los pies de Nixon Molina quien remata desviado y se salva Macar\u00e1 en la mejor llegada del cuadro bananero.<\/p>\n","protected":false},"excerpt":{"rendered":"<p>Machala.- Con anotaci\u00f3n en solitario del volante Gaston Blanc, Macar\u00e1 ha derrotado por la m\u00ednima a Orense en condici\u00f3n de visitante clasificando a la fase de grupos de la Copa Sudamericana cotejo jugado en el Estadio \u00ab9 de Mayo\u00bb ante unos 12000 espectadores. Ra\u00fal Antu\u00f1a t\u00e9cnico bananero apost\u00f3 con un 4 &#8211; 4 &#8211; 2, [&hellip;]<\/p>\n","protected":false},"author":2,"featured_media":48711,"comment_status":"open","ping_status":"closed","sticky":false,"template":"","format":"standard","meta":{"_jetpack_memberships_contains_paid_content":false,"footnotes":""},"categories":[55],"tags":[149,1268,127],"class_list":["post-48710","post","type-post","status-publish","format-standard","has-post-thumbnail","hentry","category-copa-sudamericana","tag-copa-sudamericana","tag-macara","tag-orense"],"jetpack_featured_media_url":"https:\/\/radiocresatelital.com\/wp-content\/uploads\/2026\/03\/dd-1.webp","jetpack_sharing_enabled":true,"_links":{"self":[{"href":"https:\/\/radiocresatelital.com\/index.php?rest_route=\/wp\/v2\/posts\/48710","targetHints":{"allow":["GET"]}}],"collection":[{"href":"https:\/\/radiocresatelital.com\/index.php?rest_route=\/wp\/v2\/posts"}],"about":[{"href":"https:\/\/radiocresatelital.com\/index.php?rest_route=\/wp\/v2\/types\/post"}],"author":[{"embeddable":true,"href":"https:\/\/radiocresatelital.com\/index.php?rest_route=\/wp\/v2\/users\/2"}],"replies":[{"embeddable":true,"href":"https:\/\/radiocresatelital.com\/index.php?rest_route=%2Fwp%2Fv2%2Fcomments&post=48710"}],"version-history":[{"count":1,"href":"https:\/\/radiocresatelital.com\/index.php?rest_route=\/wp\/v2\/posts\/48710\/revisions"}],"predecessor-version":[{"id":48712,"href":"https:\/\/radiocresatelital.com\/index.php?rest_route=\/wp\/v2\/posts\/48710\/revisions\/48712"}],"wp:featuredmedia":[{"embeddable":true,"href":"https:\/\/radiocresatelital.com\/index.php?rest_route=\/wp\/v2\/media\/48711"}],"wp:attachment":[{"href":"https:\/\/radiocresatelital.com\/index.php?rest_route=%2Fwp%2Fv2%2Fmedia&parent=48710"}],"wp:term":[{"taxonomy":"category","embeddable":true,"href":"https:\/\/radiocresatelital.com\/index.php?rest_route=%2Fwp%2Fv2%2Fcategories&post=48710"},{"taxonomy":"post_tag","embeddable":true,"href":"https:\/\/radiocresatelital.com\/index.php?rest_route=%2Fwp%2Fv2%2Ftags&post=48710"}],"curies":[{"name":"wp","href":"https:\/\/api.w.org\/{rel}","templated":true}]}}