{"id":48691,"date":"2026-03-05T21:34:23","date_gmt":"2026-03-05T21:34:23","guid":{"rendered":"https:\/\/radiocresatelital.com\/?p=48691"},"modified":"2026-03-05T21:34:23","modified_gmt":"2026-03-05T21:34:23","slug":"mantenimiento-de-parques-se-refuerza-y-socializa-cronograma-de-atencion-por-temporada-invernal","status":"publish","type":"post","link":"https:\/\/radiocresatelital.com\/?p=48691","title":{"rendered":"Mantenimiento de parques se refuerza y socializa cronograma de atenci\u00f3n por temporada invernal"},"content":{"rendered":"<p>Guayaquil.- Con la llegada de la temporada invernal y el acelerado crecimiento de la vegetaci\u00f3n, la Empresa P\u00fablica Municipal de Parques, \u00c1reas Verdes y Espacios P\u00fablicos de Guayaquil (Parques EP) intensific\u00f3 los operativos de mantenimiento en parques y \u00e1reas verdes del norte, centro y sur de la ciudad, con el prop\u00f3sito de conservar estos espacios en condiciones \u00f3ptimas para el uso y disfrute de la ciudadan\u00eda.<\/p>\n<p>Como parte de la preparaci\u00f3n previa al invierno, durante los dos meses anteriores se ejecutaron m\u00e1s de 20.000 podas preventivas, enfocadas principalmente en el despeje de luminarias, se\u00f1al\u00e9ticas y zonas de mayor circulaci\u00f3n peatonal. Estas intervenciones permiten mejorar la visibilidad, reforzar la seguridad y garantizar un entorno adecuado para quienes frecuentan los parques de la ciudad.<\/p>\n<p>A estas acciones se suman 448.771 intervenciones agron\u00f3micas realizadas hasta la fecha en distintos sectores de Guayaquil. Los trabajos comprenden desbroce, control de maleza, poda t\u00e9cnica, limpieza y mantenimiento general de \u00e1reas verdes, labores clave para enfrentar las condiciones clim\u00e1ticas propias del invierno.<\/p>\n<p>Para sostener estas tareas, Parques EP mantiene cuadrillas operativas de manera permanente, las 24 horas del d\u00eda y los siete d\u00edas de la semana, desplegadas bajo una planificaci\u00f3n t\u00e9cnica y territorial que permite atender de forma progresiva los parques y espacios p\u00fablicos del cant\u00f3n.<\/p>\n<p>Como parte de su pol\u00edtica de transparencia y organizaci\u00f3n del trabajo en territorio, la entidad socializa junto a este bolet\u00edn los cronogramas de atenci\u00f3n de parques del norte, centro y sur de Guayaquil, as\u00ed como la programaci\u00f3n de las Jornadas Integrales de Recuperaci\u00f3n de Parques, que se ejecutan cada s\u00e1bado y contemplan intervenciones m\u00e1s amplias en espacios p\u00fablicos priorizados.<\/p>\n<p>Este cronograma forma parte de una planificaci\u00f3n operativa en permanente actualizaci\u00f3n, que considera las condiciones clim\u00e1ticas de la temporada invernal y la extensa red de \u00e1reas verdes existentes en la ciudad. En caso de que alg\u00fan parque o sector no conste en el presente documento, su intervenci\u00f3n ser\u00e1 incorporada dentro de la programaci\u00f3n progresiva que la instituci\u00f3n revisa y actualiza semanalmente<\/p>\n","protected":false},"excerpt":{"rendered":"<p>Guayaquil.- Con la llegada de la temporada invernal y el acelerado crecimiento de la vegetaci\u00f3n, la Empresa P\u00fablica Municipal de Parques, \u00c1reas Verdes y Espacios P\u00fablicos de Guayaquil (Parques EP) intensific\u00f3 los operativos de mantenimiento en parques y \u00e1reas verdes del norte, centro y sur de la ciudad, con el prop\u00f3sito de conservar estos espacios [&hellip;]<\/p>\n","protected":false},"author":2,"featured_media":48692,"comment_status":"open","ping_status":"closed","sticky":false,"template":"","format":"standard","meta":{"_jetpack_memberships_contains_paid_content":false,"footnotes":""},"categories":[33,13],"tags":[4522],"class_list":["post-48691","post","type-post","status-publish","format-standard","has-post-thumbnail","hentry","category-guayaquil","category-noticias-nacionales","tag-empresa-publica-municipal-de-parques"],"jetpack_featured_media_url":"https:\/\/radiocresatelital.com\/wp-content\/uploads\/2026\/03\/municipio-refuerza-limpieza-poda-parques-urbe-temporada-invernal1-768x575-1.jpg","jetpack_sharing_enabled":true,"_links":{"self":[{"href":"https:\/\/radiocresatelital.com\/index.php?rest_route=\/wp\/v2\/posts\/48691","targetHints":{"allow":["GET"]}}],"collection":[{"href":"https:\/\/radiocresatelital.com\/index.php?rest_route=\/wp\/v2\/posts"}],"about":[{"href":"https:\/\/radiocresatelital.com\/index.php?rest_route=\/wp\/v2\/types\/post"}],"author":[{"embeddable":true,"href":"https:\/\/radiocresatelital.com\/index.php?rest_route=\/wp\/v2\/users\/2"}],"replies":[{"embeddable":true,"href":"https:\/\/radiocresatelital.com\/index.php?rest_route=%2Fwp%2Fv2%2Fcomments&post=48691"}],"version-history":[{"count":1,"href":"https:\/\/radiocresatelital.com\/index.php?rest_route=\/wp\/v2\/posts\/48691\/revisions"}],"predecessor-version":[{"id":48693,"href":"https:\/\/radiocresatelital.com\/index.php?rest_route=\/wp\/v2\/posts\/48691\/revisions\/48693"}],"wp:featuredmedia":[{"embeddable":true,"href":"https:\/\/radiocresatelital.com\/index.php?rest_route=\/wp\/v2\/media\/48692"}],"wp:attachment":[{"href":"https:\/\/radiocresatelital.com\/index.php?rest_route=%2Fwp%2Fv2%2Fmedia&parent=48691"}],"wp:term":[{"taxonomy":"category","embeddable":true,"href":"https:\/\/radiocresatelital.com\/index.php?rest_route=%2Fwp%2Fv2%2Fcategories&post=48691"},{"taxonomy":"post_tag","embeddable":true,"href":"https:\/\/radiocresatelital.com\/index.php?rest_route=%2Fwp%2Fv2%2Ftags&post=48691"}],"curies":[{"name":"wp","href":"https:\/\/api.w.org\/{rel}","templated":true}]}}