{"id":48678,"date":"2026-03-05T21:17:51","date_gmt":"2026-03-05T21:17:51","guid":{"rendered":"https:\/\/radiocresatelital.com\/?p=48678"},"modified":"2026-03-05T21:17:51","modified_gmt":"2026-03-05T21:17:51","slug":"joven-guayaquilena-convierte-la-lengua-de-senas-en-puente-de-inclusion-y-oportunidades","status":"publish","type":"post","link":"https:\/\/radiocresatelital.com\/?p=48678","title":{"rendered":"Joven guayaquile\u00f1a convierte la lengua de se\u00f1as en puente de inclusi\u00f3n y oportunidades"},"content":{"rendered":"<p>Guayaquil.- La sonrisa de Mar\u00eda Fernanda Pardo Ch\u00f3ez transmite confianza, energ\u00eda y determinaci\u00f3n. A sus 24 a\u00f1os, esta joven guayaquile\u00f1a con discapacidad auditiva ha encontrado en la lengua de se\u00f1as una herramienta para derribar barreras de comunicaci\u00f3n y abrir oportunidades de inclusi\u00f3n.<\/p>\n<p>Carism\u00e1tica, alegre y con una actitud siempre positiva, Mar\u00eda Fernanda dedica su tiempo a ense\u00f1ar lengua de se\u00f1as ecuatoriana, una actividad que ejerce desde hace dos a\u00f1os y que se ha convertido en su forma de aportar a la comunidad. Paralelamente, mantiene otro sue\u00f1o claro: estudiar producci\u00f3n audiovisual y continuar ampliando sus horizontes profesionales.<\/p>\n<p>Su historia de superaci\u00f3n comenz\u00f3 cuando ten\u00eda apenas seis meses de edad, momento en el que perdi\u00f3 la audici\u00f3n tras recibir una vacuna. Desde entonces, el apoyo familiar fue clave para enfrentar ese desaf\u00edo. Su madre decidi\u00f3 aprender lengua de se\u00f1as para comunicarse con ella, construyendo un puente de comprensi\u00f3n que marcar\u00eda su desarrollo y su confianza para desenvolverse en la vida cotidiana.<\/p>\n<p>Con disciplina y perseverancia, Mar\u00eda Fernanda logr\u00f3 integrarse al programa municipal \u201cComunicaci\u00f3n Funcional en las \u00c1reas de Servicio al Cliente para Atender a Personas Sordas \u2013 Curso de Lengua de Se\u00f1as Ecuatoriana\u201d, donde hoy comparte sus conocimientos como instructora.<\/p>\n<p>La iniciativa se ejecuta mediante un convenio de cooperaci\u00f3n entre la Direcci\u00f3n de Inclusi\u00f3n Social (DIS) del Municipio de Guayaquil y la Asociaci\u00f3n Comunitaria de Sordos de Guayaquil. A trav\u00e9s de este proyecto se capacita a personal de instituciones p\u00fablicas y privadas, fortaleciendo la atenci\u00f3n inclusiva y beneficiando a alrededor de 500 personas.<\/p>\n<p>Para Mar\u00eda Fernanda, ense\u00f1ar no solo es una responsabilidad, sino tambi\u00e9n una fuente de satisfacci\u00f3n personal. \u201cMe encanta ense\u00f1ar. He aprendido muchas cosas, Es cierto que al inicio para las personas con las que tengo el contacto se ponen nerviosa porque no conocen nada, pero en el transcurso de la ense\u00f1anza llegamos a tener confianza y eso hace que se sientan felices y yo tambi\u00e9n me siento feliz\u201d, expres\u00f3 Pardo.<\/p>\n<p>Frente a los retos que implica vivir con discapacidad auditiva, su postura es clara y firme. \u201cEsas barreras para m\u00ed no existen las aparto. Me siento igual que cualquier otra mujer que necesita respeto y que ejerce su derecho. Como persona tengo mi derecho. No me siento menos, ni m\u00e1s\u201d, enfatiz\u00f3.<\/p>\n<p>Su compa\u00f1ero Daniel L\u00f3pez, int\u00e9rprete de lengua de se\u00f1as, destaca su actitud y compromiso con el trabajo. \u201cHa aprendido a desenvolverse en el entorno, le gusta el trabajo que ejerce y es una buena compa\u00f1era\u201d, expres\u00f3.<\/p>\n<p>Historias como la de Mar\u00eda Fernanda reflejan el impacto de los programas municipales orientados a fortalecer la inclusi\u00f3n y la accesibilidad. A trav\u00e9s de estas iniciativas, la Alcald\u00eda de Guayaquil promueve espacios de formaci\u00f3n que permiten a las personas con discapacidad desarrollar sus capacidades, aportar a la comunidad y ejercer plenamente sus derechos.<\/p>\n","protected":false},"excerpt":{"rendered":"<p>Guayaquil.- La sonrisa de Mar\u00eda Fernanda Pardo Ch\u00f3ez transmite confianza, energ\u00eda y determinaci\u00f3n. A sus 24 a\u00f1os, esta joven guayaquile\u00f1a con discapacidad auditiva ha encontrado en la lengua de se\u00f1as una herramienta para derribar barreras de comunicaci\u00f3n y abrir oportunidades de inclusi\u00f3n. Carism\u00e1tica, alegre y con una actitud siempre positiva, Mar\u00eda Fernanda dedica su tiempo [&hellip;]<\/p>\n","protected":false},"author":2,"featured_media":48679,"comment_status":"open","ping_status":"closed","sticky":false,"template":"","format":"standard","meta":{"_jetpack_memberships_contains_paid_content":false,"footnotes":""},"categories":[33,13],"tags":[8011,8012],"class_list":["post-48678","post","type-post","status-publish","format-standard","has-post-thumbnail","hentry","category-guayaquil","category-noticias-nacionales","tag-maria-fernanda-pardo-choez","tag-personas-sordas-curso-de-lengua-de-senas-ecuatoriana"],"jetpack_featured_media_url":"https:\/\/radiocresatelital.com\/wp-content\/uploads\/2026\/03\/Maria-4.jpeg","jetpack_sharing_enabled":true,"_links":{"self":[{"href":"https:\/\/radiocresatelital.com\/index.php?rest_route=\/wp\/v2\/posts\/48678","targetHints":{"allow":["GET"]}}],"collection":[{"href":"https:\/\/radiocresatelital.com\/index.php?rest_route=\/wp\/v2\/posts"}],"about":[{"href":"https:\/\/radiocresatelital.com\/index.php?rest_route=\/wp\/v2\/types\/post"}],"author":[{"embeddable":true,"href":"https:\/\/radiocresatelital.com\/index.php?rest_route=\/wp\/v2\/users\/2"}],"replies":[{"embeddable":true,"href":"https:\/\/radiocresatelital.com\/index.php?rest_route=%2Fwp%2Fv2%2Fcomments&post=48678"}],"version-history":[{"count":1,"href":"https:\/\/radiocresatelital.com\/index.php?rest_route=\/wp\/v2\/posts\/48678\/revisions"}],"predecessor-version":[{"id":48680,"href":"https:\/\/radiocresatelital.com\/index.php?rest_route=\/wp\/v2\/posts\/48678\/revisions\/48680"}],"wp:featuredmedia":[{"embeddable":true,"href":"https:\/\/radiocresatelital.com\/index.php?rest_route=\/wp\/v2\/media\/48679"}],"wp:attachment":[{"href":"https:\/\/radiocresatelital.com\/index.php?rest_route=%2Fwp%2Fv2%2Fmedia&parent=48678"}],"wp:term":[{"taxonomy":"category","embeddable":true,"href":"https:\/\/radiocresatelital.com\/index.php?rest_route=%2Fwp%2Fv2%2Fcategories&post=48678"},{"taxonomy":"post_tag","embeddable":true,"href":"https:\/\/radiocresatelital.com\/index.php?rest_route=%2Fwp%2Fv2%2Ftags&post=48678"}],"curies":[{"name":"wp","href":"https:\/\/api.w.org\/{rel}","templated":true}]}}