{"id":48651,"date":"2026-03-05T20:09:34","date_gmt":"2026-03-05T20:09:34","guid":{"rendered":"https:\/\/radiocresatelital.com\/?p=48651"},"modified":"2026-03-05T20:09:34","modified_gmt":"2026-03-05T20:09:34","slug":"gobierno-de-daniel-noboa-impulsa-mas-empleo-mas-oportunidades-para-los-jovenes","status":"publish","type":"post","link":"https:\/\/radiocresatelital.com\/?p=48651","title":{"rendered":"Gobierno de Daniel Noboa impulsa m\u00e1s empleo, m\u00e1s oportunidades para los j\u00f3venes"},"content":{"rendered":"<p>Guayaquil.- Darle una oportunidad a los j\u00f3venes es darle una oportunidad al Ecuador, por eso el Gobierno del Presidente, Daniel Noboa Az\u00edn, impulsa la generaci\u00f3n de empleo en todo el territorio nacional.<\/p>\n<p>Este, jueves 5 de marzo de 2026, los j\u00f3venes de la provincia de Guayas, que hoy cuentan con un empleo digno dialogaron con el Primer Mandatario. Ellos, fueron vinculados laboralmente a trav\u00e9s de Encuentra Empleo, la bolsa p\u00fablica de empleo del Ministerio del Trabajo que articula la oferta y demanda del mercado laboral ecuatoriano.<\/p>\n<p>Desde el 20 de noviembre de 2023 a la fecha, Encuentra Empleo ha facilitado que 139.354 ciudadanos sean vinculados laboralmente y 99.848 fortalezcan su perfil laboral a trav\u00e9s de capacitaciones gratuitas, potenciando sus opciones para acceder a un empleo<\/p>\n<p>Para el 2026, el Gobierno Nacional a trav\u00e9s del Ministerio de Trabajo, impulsa la vinculaci\u00f3n laboral de cerca de 160.000 j\u00f3venes gracias al Acuerdo por la Empleabilidad que promueve consensos con las empresas privadas que coadyuven a la creaci\u00f3n de plazas laborales para j\u00f3venes bajo condiciones dignas y de beneficio mutuo.<\/p>\n","protected":false},"excerpt":{"rendered":"<p>Guayaquil.- Darle una oportunidad a los j\u00f3venes es darle una oportunidad al Ecuador, por eso el Gobierno del Presidente, Daniel Noboa Az\u00edn, impulsa la generaci\u00f3n de empleo en todo el territorio nacional. Este, jueves 5 de marzo de 2026, los j\u00f3venes de la provincia de Guayas, que hoy cuentan con un empleo digno dialogaron con [&hellip;]<\/p>\n","protected":false},"author":2,"featured_media":48652,"comment_status":"open","ping_status":"closed","sticky":false,"template":"","format":"standard","meta":{"_jetpack_memberships_contains_paid_content":false,"footnotes":""},"categories":[13],"tags":[1322],"class_list":["post-48651","post","type-post","status-publish","format-standard","has-post-thumbnail","hentry","category-noticias-nacionales","tag-presidente-daniel-noboa"],"jetpack_featured_media_url":"https:\/\/radiocresatelital.com\/wp-content\/uploads\/2026\/03\/WhatsApp-Image-2026-03-05-at-14.53.10.jpeg","jetpack_sharing_enabled":true,"_links":{"self":[{"href":"https:\/\/radiocresatelital.com\/index.php?rest_route=\/wp\/v2\/posts\/48651","targetHints":{"allow":["GET"]}}],"collection":[{"href":"https:\/\/radiocresatelital.com\/index.php?rest_route=\/wp\/v2\/posts"}],"about":[{"href":"https:\/\/radiocresatelital.com\/index.php?rest_route=\/wp\/v2\/types\/post"}],"author":[{"embeddable":true,"href":"https:\/\/radiocresatelital.com\/index.php?rest_route=\/wp\/v2\/users\/2"}],"replies":[{"embeddable":true,"href":"https:\/\/radiocresatelital.com\/index.php?rest_route=%2Fwp%2Fv2%2Fcomments&post=48651"}],"version-history":[{"count":1,"href":"https:\/\/radiocresatelital.com\/index.php?rest_route=\/wp\/v2\/posts\/48651\/revisions"}],"predecessor-version":[{"id":48653,"href":"https:\/\/radiocresatelital.com\/index.php?rest_route=\/wp\/v2\/posts\/48651\/revisions\/48653"}],"wp:featuredmedia":[{"embeddable":true,"href":"https:\/\/radiocresatelital.com\/index.php?rest_route=\/wp\/v2\/media\/48652"}],"wp:attachment":[{"href":"https:\/\/radiocresatelital.com\/index.php?rest_route=%2Fwp%2Fv2%2Fmedia&parent=48651"}],"wp:term":[{"taxonomy":"category","embeddable":true,"href":"https:\/\/radiocresatelital.com\/index.php?rest_route=%2Fwp%2Fv2%2Fcategories&post=48651"},{"taxonomy":"post_tag","embeddable":true,"href":"https:\/\/radiocresatelital.com\/index.php?rest_route=%2Fwp%2Fv2%2Ftags&post=48651"}],"curies":[{"name":"wp","href":"https:\/\/api.w.org\/{rel}","templated":true}]}}