{"id":48648,"date":"2026-03-05T19:49:42","date_gmt":"2026-03-05T19:49:42","guid":{"rendered":"https:\/\/radiocresatelital.com\/?p=48648"},"modified":"2026-03-05T19:49:53","modified_gmt":"2026-03-05T19:49:53","slug":"concejo-municipal-demandara-ante-la-corte-constitucional-reformas-al-cootad-por-vulnerar-autonomia-municipal","status":"publish","type":"post","link":"https:\/\/radiocresatelital.com\/?p=48648","title":{"rendered":"Concejo Municipal demandar\u00e1 ante la Corte Constitucional reformas al COOTAD por vulnerar autonom\u00eda municipal"},"content":{"rendered":"<p>Guayaquil.- El Concejo Municipal de Guayaquil aprob\u00f3 por unanimidad una resoluci\u00f3n que condena la vulneraci\u00f3n de la autonom\u00eda pol\u00edtica, administrativa y financiera de los Gobiernos Aut\u00f3nomos Descentralizados tras las reformas al C\u00f3digo Org\u00e1nico de Organizaci\u00f3n Territorial, Autonom\u00eda y Descentralizaci\u00f3n (COOTAD), impulsadas por el oficialismo.<\/p>\n<p>La decisi\u00f3n fue adoptada durante la sesi\u00f3n liderada por la alcaldesa subrogante, Tatiana Coronel, en la que adem\u00e1s se anunci\u00f3 la presentaci\u00f3n de una demanda de inconstitucionalidad ante la Corte Constitucional. La acci\u00f3n incluir\u00e1 la solicitud de medidas cautelares para suspender la aplicaci\u00f3n de la norma mientras se analiza su legalidad.<\/p>\n<p>El edil Arturo Escala explic\u00f3 que la resoluci\u00f3n busca salvaguardar la autonom\u00eda municipal consagrada en la Constituci\u00f3n de la Rep\u00fablica y advirti\u00f3 que la ley reformatoria debilita el proceso de descentralizaci\u00f3n y limita la ejecuci\u00f3n de proyectos sociales, culturales y deportivos que benefician a la ciudadan\u00eda guayaquile\u00f1a.<\/p>\n<p>\u201cEl Muy Ilustre Concejo Municipal de Guayaquil deja constancia de su pronunciamiento frente a la vulneraci\u00f3n de la autonom\u00eda de los gobiernos aut\u00f3nomos descentralizados\u201d, manifest\u00f3 Escala al elevar la moci\u00f3n.<\/p>\n<p>La resoluci\u00f3n tambi\u00e9n exhorta a la Asamblea Nacional a respetar estrictamente la Constituci\u00f3n y el ordenamiento jur\u00eddico vigente, garantizando las competencias de los gobiernos locales. Asimismo, deja constancia de que la normativa fue aprobada sin un proceso amplio de deliberaci\u00f3n ni participaci\u00f3n efectiva de los gobiernos aut\u00f3nomos descentralizados, limitando su intervenci\u00f3n en decisiones que inciden directamente en sus funciones y en los derechos de la ciudadan\u00eda.<\/p>\n<p>El documento advierte, adem\u00e1s, sobre los posibles impactos de la reforma en la sostenibilidad de programas sociales, culturales, educativos y deportivos, as\u00ed como en la atenci\u00f3n a grupos prioritarios en el cant\u00f3n Guayaquil.<\/p>\n<p>De su parte, la concejala Emily Vera se\u00f1al\u00f3 que la normativa reduce transferencias y vulnera la autonom\u00eda local, lo que podr\u00eda afectar a cerca de tres millones de guayaquile\u00f1os en \u00e1reas como desarrollo infantil, salud, atenci\u00f3n a adultos mayores, deporte, cultura, emprendimiento y educaci\u00f3n municipal.<\/p>\n<p>\u201c(En materia de educaci\u00f3n) en 2025 entregamos 390 mil textos educativos beneficiando a 82 mil ni\u00f1os, ahorrando casi 10 millones de d\u00f3lares a las familias, y que ahora quedan en riesgo ante un gobierno que no invierte en lo social\u201d, expres\u00f3 la edil.<\/p>\n<p>La resoluci\u00f3n tambi\u00e9n dispone que la Secretar\u00eda General del Concejo Municipal notifique el pronunciamiento a la Asamblea Nacional, a la Presidencia de la Rep\u00fablica y a los organismos competentes.<\/p>\n<p>Durante la misma sesi\u00f3n se aprobaron designaciones para los directorios de entidades adscritas al Municipio. Para el directorio de EMAPAG fue designada Emilene Aguayo Barba, licenciada en Ciencias de la Educaci\u00f3n y mag\u00edster en Ciencias Pol\u00edticas, docente, activista social y ambiental, presidenta del Comit\u00e9 Bosque Samanes, exconcejal alterna y actual gerente de proyectos sociales en la Empresa P\u00fablica DASE.<\/p>\n<p>En el directorio de SEGURA EP fue designado Luis Alfonso Saltos, arquitecto y mag\u00edster en planificaci\u00f3n urbana y regional, asesor de Alcald\u00eda en el Municipio de Guayaquil y docente universitario en ordenamiento territorial, con experiencia en pol\u00edticas p\u00fablicas, desarrollo sostenible y proyectos desarrollados con el PNUD y en la regi\u00f3n amaz\u00f3nica.<\/p>\n","protected":false},"excerpt":{"rendered":"<p>Guayaquil.- El Concejo Municipal de Guayaquil aprob\u00f3 por unanimidad una resoluci\u00f3n que condena la vulneraci\u00f3n de la autonom\u00eda pol\u00edtica, administrativa y financiera de los Gobiernos Aut\u00f3nomos Descentralizados tras las reformas al C\u00f3digo Org\u00e1nico de Organizaci\u00f3n Territorial, Autonom\u00eda y Descentralizaci\u00f3n (COOTAD), impulsadas por el oficialismo. La decisi\u00f3n fue adoptada durante la sesi\u00f3n liderada por la alcaldesa [&hellip;]<\/p>\n","protected":false},"author":2,"featured_media":48649,"comment_status":"open","ping_status":"closed","sticky":false,"template":"","format":"standard","meta":{"_jetpack_memberships_contains_paid_content":false,"footnotes":""},"categories":[13],"tags":[2093],"class_list":["post-48648","post","type-post","status-publish","format-standard","has-post-thumbnail","hentry","category-noticias-nacionales","tag-concejo-municipal-de-guayaquil"],"jetpack_featured_media_url":"https:\/\/radiocresatelital.com\/wp-content\/uploads\/2026\/03\/1-scaled.jpeg","jetpack_sharing_enabled":true,"_links":{"self":[{"href":"https:\/\/radiocresatelital.com\/index.php?rest_route=\/wp\/v2\/posts\/48648","targetHints":{"allow":["GET"]}}],"collection":[{"href":"https:\/\/radiocresatelital.com\/index.php?rest_route=\/wp\/v2\/posts"}],"about":[{"href":"https:\/\/radiocresatelital.com\/index.php?rest_route=\/wp\/v2\/types\/post"}],"author":[{"embeddable":true,"href":"https:\/\/radiocresatelital.com\/index.php?rest_route=\/wp\/v2\/users\/2"}],"replies":[{"embeddable":true,"href":"https:\/\/radiocresatelital.com\/index.php?rest_route=%2Fwp%2Fv2%2Fcomments&post=48648"}],"version-history":[{"count":1,"href":"https:\/\/radiocresatelital.com\/index.php?rest_route=\/wp\/v2\/posts\/48648\/revisions"}],"predecessor-version":[{"id":48650,"href":"https:\/\/radiocresatelital.com\/index.php?rest_route=\/wp\/v2\/posts\/48648\/revisions\/48650"}],"wp:featuredmedia":[{"embeddable":true,"href":"https:\/\/radiocresatelital.com\/index.php?rest_route=\/wp\/v2\/media\/48649"}],"wp:attachment":[{"href":"https:\/\/radiocresatelital.com\/index.php?rest_route=%2Fwp%2Fv2%2Fmedia&parent=48648"}],"wp:term":[{"taxonomy":"category","embeddable":true,"href":"https:\/\/radiocresatelital.com\/index.php?rest_route=%2Fwp%2Fv2%2Fcategories&post=48648"},{"taxonomy":"post_tag","embeddable":true,"href":"https:\/\/radiocresatelital.com\/index.php?rest_route=%2Fwp%2Fv2%2Ftags&post=48648"}],"curies":[{"name":"wp","href":"https:\/\/api.w.org\/{rel}","templated":true}]}}