{"id":48645,"date":"2026-03-05T19:42:43","date_gmt":"2026-03-05T19:42:43","guid":{"rendered":"https:\/\/radiocresatelital.com\/?p=48645"},"modified":"2026-03-05T19:42:43","modified_gmt":"2026-03-05T19:42:43","slug":"gobierno-nacional-amplia-el-acceso-a-la-educacion-superior-publica-141-mil-cupos-estaran-disponibles-en-el-i-periodo-2026","status":"publish","type":"post","link":"https:\/\/radiocresatelital.com\/?p=48645","title":{"rendered":"Gobierno Nacional ampl\u00eda el acceso a la educaci\u00f3n superior p\u00fablica: 141 mil cupos estar\u00e1n disponibles en el I per\u00edodo 2026"},"content":{"rendered":"<p>Quito.-\u00a0El Gobierno Nacional, a trav\u00e9s del Ministerio de Educaci\u00f3n, Deporte y Cultura (MINEDEC), fortalece el acceso a la educaci\u00f3n superior p\u00fablica con la ampliaci\u00f3n de cupos para el I per\u00edodo acad\u00e9mico 2026. En total, se ofertar\u00e1n 141.064 cupos en universidades, escuelas polit\u00e9cnicas, institutos y conservatorios superiores p\u00fablicos, lo que representa un incremento de 9.451 cupos adicionales frente al I per\u00edodo 2025, equivalente a un 7,18 % m\u00e1s de oportunidades para los aspirantes.<\/p>\n<p>Este resultado responde al trabajo articulado impulsado por el presidente Daniel Noboa, orientado a ampliar la cobertura, fortalecer la institucionalidad del sistema y consolidar a la educaci\u00f3n superior como un eje estrat\u00e9gico del desarrollo nacional.<\/p>\n<p>La carga oficial de la oferta acad\u00e9mica y el detalle de cupos fue ejecutada por las instituciones de educaci\u00f3n superior p\u00fablicas del 18 al 20 de febrero de 2026, a trav\u00e9s del sistema habilitado en la p\u00e1gina web del Viceministerio de Educaci\u00f3n Superior, como parte del proceso de planificaci\u00f3n para el nuevo per\u00edodo.<\/p>\n<p>Para esta convocatoria registraron su oferta 32 universidades y escuelas polit\u00e9cnicas p\u00fablicas; 54 institutos y conservatorios superiores p\u00fablicos adscritos al MINEDEC; y tres institutos p\u00fablicos no adscritos, consolidando un esfuerzo coordinado a escala nacional.<\/p>\n<p>En el caso de los institutos y conservatorios superiores p\u00fablicos, se encuentran disponibles 22.729 cupos, ampliando las posibilidades para quienes optan por carreras t\u00e9cnicas y tecnol\u00f3gicas.<\/p>\n<p>En total, para este periodo acad\u00e9mico, los postulantes podr\u00e1n acceder a cerca de 400 carreras en distintas \u00e1reas del conocimiento en las instituciones de educaci\u00f3n superior p\u00fablicas a nivel nacional.<\/p>\n<p>El incremento de cupos se enmarca, adem\u00e1s, en la asignaci\u00f3n de 59.7 millones de d\u00f3lares adicionales al presupuesto de las universidades y escuelas polit\u00e9cnicas p\u00fablicas para 2026, decisi\u00f3n que ampl\u00eda la capacidad de gesti\u00f3n institucional, mejora las condiciones acad\u00e9micas y permite incrementar la cobertura.<\/p>\n<p>Con estas acciones, el Gobierno Nacional reafirma su compromiso con la democratizaci\u00f3n del acceso a la educaci\u00f3n superior p\u00fablica, promoviendo m\u00e1s oportunidades para la juventud ecuatoriana y fortaleciendo el talento humano como motor del desarrollo del pa\u00eds.<\/p>\n","protected":false},"excerpt":{"rendered":"<p>Quito.-\u00a0El Gobierno Nacional, a trav\u00e9s del Ministerio de Educaci\u00f3n, Deporte y Cultura (MINEDEC), fortalece el acceso a la educaci\u00f3n superior p\u00fablica con la ampliaci\u00f3n de cupos para el I per\u00edodo acad\u00e9mico 2026. En total, se ofertar\u00e1n 141.064 cupos en universidades, escuelas polit\u00e9cnicas, institutos y conservatorios superiores p\u00fablicos, lo que representa un incremento de 9.451 cupos [&hellip;]<\/p>\n","protected":false},"author":2,"featured_media":48646,"comment_status":"open","ping_status":"closed","sticky":false,"template":"","format":"standard","meta":{"_jetpack_memberships_contains_paid_content":false,"footnotes":""},"categories":[13],"tags":[157,444],"class_list":["post-48645","post","type-post","status-publish","format-standard","has-post-thumbnail","hentry","category-noticias-nacionales","tag-gobierno-nacional","tag-ministerio-de-educacion"],"jetpack_featured_media_url":"https:\/\/radiocresatelital.com\/wp-content\/uploads\/2026\/03\/educacion-superior.png","jetpack_sharing_enabled":true,"_links":{"self":[{"href":"https:\/\/radiocresatelital.com\/index.php?rest_route=\/wp\/v2\/posts\/48645","targetHints":{"allow":["GET"]}}],"collection":[{"href":"https:\/\/radiocresatelital.com\/index.php?rest_route=\/wp\/v2\/posts"}],"about":[{"href":"https:\/\/radiocresatelital.com\/index.php?rest_route=\/wp\/v2\/types\/post"}],"author":[{"embeddable":true,"href":"https:\/\/radiocresatelital.com\/index.php?rest_route=\/wp\/v2\/users\/2"}],"replies":[{"embeddable":true,"href":"https:\/\/radiocresatelital.com\/index.php?rest_route=%2Fwp%2Fv2%2Fcomments&post=48645"}],"version-history":[{"count":1,"href":"https:\/\/radiocresatelital.com\/index.php?rest_route=\/wp\/v2\/posts\/48645\/revisions"}],"predecessor-version":[{"id":48647,"href":"https:\/\/radiocresatelital.com\/index.php?rest_route=\/wp\/v2\/posts\/48645\/revisions\/48647"}],"wp:featuredmedia":[{"embeddable":true,"href":"https:\/\/radiocresatelital.com\/index.php?rest_route=\/wp\/v2\/media\/48646"}],"wp:attachment":[{"href":"https:\/\/radiocresatelital.com\/index.php?rest_route=%2Fwp%2Fv2%2Fmedia&parent=48645"}],"wp:term":[{"taxonomy":"category","embeddable":true,"href":"https:\/\/radiocresatelital.com\/index.php?rest_route=%2Fwp%2Fv2%2Fcategories&post=48645"},{"taxonomy":"post_tag","embeddable":true,"href":"https:\/\/radiocresatelital.com\/index.php?rest_route=%2Fwp%2Fv2%2Ftags&post=48645"}],"curies":[{"name":"wp","href":"https:\/\/api.w.org\/{rel}","templated":true}]}}