{"id":48635,"date":"2026-03-05T18:45:40","date_gmt":"2026-03-05T18:45:40","guid":{"rendered":"https:\/\/radiocresatelital.com\/?p=48635"},"modified":"2026-03-05T18:47:33","modified_gmt":"2026-03-05T18:47:33","slug":"un-simbolo-de-la-historia-del-ecuador-brilla-con-hilos-dorados-y-plateados","status":"publish","type":"post","link":"https:\/\/radiocresatelital.com\/?p=48635","title":{"rendered":"Un s\u00edmbolo de la historia del Ecuador brilla con hilos dorados y plateados"},"content":{"rendered":"<p>Guayaquil.- Un tesoro hist\u00f3rico del Ecuador recibe atenci\u00f3n especializada en el \u00e1rea de restauraci\u00f3n del Museo y Biblioteca Municipal de Guayaquil. Se trata de una bandera de la Revoluci\u00f3n Marcista, que marc\u00f3 un momento crucial en la construcci\u00f3n institucional del pa\u00eds tras el levantamiento que inici\u00f3 el 6 de marzo de 1845 en esta ciudad.<\/p>\n<p>La pieza conserva los colores celeste y blanco, representativos del periodo marcista, y luce nueve estrellas bordadas, s\u00edmbolo de las provincias que formaban el Ecuador entre 1851 y 1860. Adem\u00e1s, los signos del zodiaco a los costados del sol guardan un significado hist\u00f3rico profundo.<\/p>\n<p>\u201cRepresentan los meses de marzo, abril, mayo y junio, que son los meses que dur\u00f3 la lucha de los marcistas para expulsar al presidente Juan Jos\u00e9 Flores que gobernaba su tercer periodo y que pensaba demorarlo hasta 1851 pero fue interrumpido por esta revoluci\u00f3n que se levant\u00f3 aqu\u00ed en Guayaquil el 6 de marzo de 1845, capitaneada en lo militar por el general guayaquile\u00f1o Antonio Elizalde y en lo pol\u00edtico por Jos\u00e9 Joaqu\u00edn de Olmedo\u201d, explic\u00f3 el asesor municipal Xavier Flores Aguirre.<\/p>\n<p>Desde el punto de vista material, la bandera mide 90 cent\u00edmetros de alto por 1,50 metros de largo, est\u00e1 elaborada en tela de seda y reforzada con un soporte de lino.<\/p>\n<p>V\u00edctor Ord\u00f3\u00f1ez, especialista en restauraci\u00f3n y museolog\u00eda de la Direcci\u00f3n de Patrimonio Cultural, destac\u00f3 la riqueza de su confecci\u00f3n: \u201cEstos hilos de plata y estos hilos de oro o dorados son met\u00e1licos y esta t\u00e9cnica por lo general la hacen en Quito en el Convento de la Inmaculada Concepci\u00f3n, la elaboran las monjas y hasta en la actualidad ellas elaboran las bandas presidenciales\u201d.<\/p>\n<p>A pesar del paso del tiempo, que ha afectado el brillo de los hilos met\u00e1licos y parte del tejido, la bandera conserva elementos que evidencian su valor patrimonial y art\u00edstico.<\/p>\n<p>Actualmente se resguarda en un contenedor de acr\u00edlico que mantiene condiciones estables de temperatura y humedad, como parte de la pol\u00edtica del museo para preservar los bienes hist\u00f3ricos y la memoria del Ecuador.<\/p>\n","protected":false},"excerpt":{"rendered":"<p>Guayaquil.- Un tesoro hist\u00f3rico del Ecuador recibe atenci\u00f3n especializada en el \u00e1rea de restauraci\u00f3n del Museo y Biblioteca Municipal de Guayaquil. Se trata de una bandera de la Revoluci\u00f3n Marcista, que marc\u00f3 un momento crucial en la construcci\u00f3n institucional del pa\u00eds tras el levantamiento que inici\u00f3 el 6 de marzo de 1845 en esta ciudad. [&hellip;]<\/p>\n","protected":false},"author":2,"featured_media":48638,"comment_status":"open","ping_status":"closed","sticky":false,"template":"","format":"standard","meta":{"_jetpack_memberships_contains_paid_content":false,"footnotes":""},"categories":[33,13],"tags":[2042,8003],"class_list":["post-48635","post","type-post","status-publish","format-standard","has-post-thumbnail","hentry","category-guayaquil","category-noticias-nacionales","tag-biblioteca-municipal-de-guayaquil","tag-revolucion-marcista"],"jetpack_featured_media_url":"https:\/\/radiocresatelital.com\/wp-content\/uploads\/2026\/03\/62453be6-433e-497b-ba24-c94dc683848a.jpg","jetpack_sharing_enabled":true,"_links":{"self":[{"href":"https:\/\/radiocresatelital.com\/index.php?rest_route=\/wp\/v2\/posts\/48635","targetHints":{"allow":["GET"]}}],"collection":[{"href":"https:\/\/radiocresatelital.com\/index.php?rest_route=\/wp\/v2\/posts"}],"about":[{"href":"https:\/\/radiocresatelital.com\/index.php?rest_route=\/wp\/v2\/types\/post"}],"author":[{"embeddable":true,"href":"https:\/\/radiocresatelital.com\/index.php?rest_route=\/wp\/v2\/users\/2"}],"replies":[{"embeddable":true,"href":"https:\/\/radiocresatelital.com\/index.php?rest_route=%2Fwp%2Fv2%2Fcomments&post=48635"}],"version-history":[{"count":1,"href":"https:\/\/radiocresatelital.com\/index.php?rest_route=\/wp\/v2\/posts\/48635\/revisions"}],"predecessor-version":[{"id":48637,"href":"https:\/\/radiocresatelital.com\/index.php?rest_route=\/wp\/v2\/posts\/48635\/revisions\/48637"}],"wp:featuredmedia":[{"embeddable":true,"href":"https:\/\/radiocresatelital.com\/index.php?rest_route=\/wp\/v2\/media\/48638"}],"wp:attachment":[{"href":"https:\/\/radiocresatelital.com\/index.php?rest_route=%2Fwp%2Fv2%2Fmedia&parent=48635"}],"wp:term":[{"taxonomy":"category","embeddable":true,"href":"https:\/\/radiocresatelital.com\/index.php?rest_route=%2Fwp%2Fv2%2Fcategories&post=48635"},{"taxonomy":"post_tag","embeddable":true,"href":"https:\/\/radiocresatelital.com\/index.php?rest_route=%2Fwp%2Fv2%2Ftags&post=48635"}],"curies":[{"name":"wp","href":"https:\/\/api.w.org\/{rel}","templated":true}]}}