{"id":48632,"date":"2026-03-05T18:30:38","date_gmt":"2026-03-05T18:30:38","guid":{"rendered":"https:\/\/radiocresatelital.com\/?p=48632"},"modified":"2026-03-05T18:30:38","modified_gmt":"2026-03-05T18:30:38","slug":"presidente-daniel-noboa-entrego-usd-71-millones-para-organizaciones-y-comunidades-de-pueblos-y-nacionalidades-indigenas-afroecuatorianos-y-montuvios","status":"publish","type":"post","link":"https:\/\/radiocresatelital.com\/?p=48632","title":{"rendered":"Presidente Daniel Noboa entreg\u00f3 USD 7,1 millones para organizaciones y comunidades de pueblos y nacionalidades ind\u00edgenas, afroecuatorianos y montuvios"},"content":{"rendered":"<p>Guayaquil.- Este 5 de marzo, el Presidente Daniel Noboa entreg\u00f3 USD 7,1 millones en recursos no reembolsables a organizaciones y comunidades de pueblos y nacionalidades ind\u00edgenas, afroecuatorianas y montuvias de 23 provincias del pa\u00eds para la ejecuci\u00f3n de subproyectos productivos.<\/p>\n<p>De esta manera, consolida la decisi\u00f3n de su Gobierno de impulsar el crecimiento econ\u00f3mico con inclusi\u00f3n y fortalecer la econom\u00eda popular y solidaria.<\/p>\n<p>\u201cCreemos en su fuerza para salir adelante, para enfrentar con esperanza las adversidades y por ello queremos que ustedes sean quienes mandan en su propio bolsillo, que sean los due\u00f1os de su futuro. Nosotros, como Gobierno, los apoyaremos siempre\u201d, asegur\u00f3 el presidente Noboa.<\/p>\n<p>Los recursos ser\u00e1n destinados a 64 organizaciones de 300 parroquias priorizadas, ubicadas en 104 cantones, y permitir\u00e1n el cofinanciamiento de subproyectos en agricultura, turismo, textil y artesan\u00edas que tendr\u00e1n una duraci\u00f3n de hasta 10 meses. Con esta decisi\u00f3n se beneficia a 20.000 personas, potenciando su capacidad de gesti\u00f3n, fortaleciendo su base productiva, ampliando las oportunidades de mercado y generando empleo.<\/p>\n<p>Precisamente, la directora General del Instituto Nacional de Econom\u00eda Popular y Solidaria (IEPS), Ariana Burgos, resalt\u00f3 que \u201cestos recursos generar\u00e1n ingresos sostenibles y fortalecer\u00e1n econom\u00edas comunitarias, respetando su identidad y sus formas de organizaci\u00f3n\u201d.<\/p>\n<p>La iniciativa es liderada por el IEPS con el apoyo del Banco Mundial y es parte del Proyecto de Fortalecimiento de las Econom\u00edas Comunitarias en los territorios de los Pueblos y Nacionalidades Ind\u00edgenas, Afroecuatorianos y Montuvios (PROFECPIAM). El objetivo es mejorar los medios de vida de las comunidades en territorios priorizados, respetando su visi\u00f3n y necesidades de desarrollo. \u201cPorque si con una mano defendemos a las familias ecuatorianas de la inseguridad, con la otra construimos el futuro que nuestra gente se merece\u201d, reafirm\u00f3 el Mandatario.<\/p>\n<p>Johnny Vergara, beneficiario de estos recursos y representante del pueblo montuvio, es ganadero de la provincia de Los R\u00edos. Ser parte de este proyecto le permitir\u00e1 alcanzar sus anhelos de fortalecer su cadena productiva e impulsar una feria ganadera en la provincia. Por ello, extendi\u00f3 un reconocimiento al presidente Noboa por robustecer a la econom\u00eda popular y solidaria.<\/p>\n","protected":false},"excerpt":{"rendered":"<p>Guayaquil.- Este 5 de marzo, el Presidente Daniel Noboa entreg\u00f3 USD 7,1 millones en recursos no reembolsables a organizaciones y comunidades de pueblos y nacionalidades ind\u00edgenas, afroecuatorianas y montuvias de 23 provincias del pa\u00eds para la ejecuci\u00f3n de subproyectos productivos. De esta manera, consolida la decisi\u00f3n de su Gobierno de impulsar el crecimiento econ\u00f3mico con [&hellip;]<\/p>\n","protected":false},"author":2,"featured_media":48633,"comment_status":"open","ping_status":"closed","sticky":false,"template":"","format":"standard","meta":{"_jetpack_memberships_contains_paid_content":false,"footnotes":""},"categories":[13],"tags":[1322],"class_list":["post-48632","post","type-post","status-publish","format-standard","has-post-thumbnail","hentry","category-noticias-nacionales","tag-presidente-daniel-noboa"],"jetpack_featured_media_url":"https:\/\/radiocresatelital.com\/wp-content\/uploads\/2026\/03\/55130753324_0fc40e7700_c.jpg","jetpack_sharing_enabled":true,"_links":{"self":[{"href":"https:\/\/radiocresatelital.com\/index.php?rest_route=\/wp\/v2\/posts\/48632","targetHints":{"allow":["GET"]}}],"collection":[{"href":"https:\/\/radiocresatelital.com\/index.php?rest_route=\/wp\/v2\/posts"}],"about":[{"href":"https:\/\/radiocresatelital.com\/index.php?rest_route=\/wp\/v2\/types\/post"}],"author":[{"embeddable":true,"href":"https:\/\/radiocresatelital.com\/index.php?rest_route=\/wp\/v2\/users\/2"}],"replies":[{"embeddable":true,"href":"https:\/\/radiocresatelital.com\/index.php?rest_route=%2Fwp%2Fv2%2Fcomments&post=48632"}],"version-history":[{"count":1,"href":"https:\/\/radiocresatelital.com\/index.php?rest_route=\/wp\/v2\/posts\/48632\/revisions"}],"predecessor-version":[{"id":48634,"href":"https:\/\/radiocresatelital.com\/index.php?rest_route=\/wp\/v2\/posts\/48632\/revisions\/48634"}],"wp:featuredmedia":[{"embeddable":true,"href":"https:\/\/radiocresatelital.com\/index.php?rest_route=\/wp\/v2\/media\/48633"}],"wp:attachment":[{"href":"https:\/\/radiocresatelital.com\/index.php?rest_route=%2Fwp%2Fv2%2Fmedia&parent=48632"}],"wp:term":[{"taxonomy":"category","embeddable":true,"href":"https:\/\/radiocresatelital.com\/index.php?rest_route=%2Fwp%2Fv2%2Fcategories&post=48632"},{"taxonomy":"post_tag","embeddable":true,"href":"https:\/\/radiocresatelital.com\/index.php?rest_route=%2Fwp%2Fv2%2Ftags&post=48632"}],"curies":[{"name":"wp","href":"https:\/\/api.w.org\/{rel}","templated":true}]}}