{"id":48615,"date":"2026-03-04T21:29:40","date_gmt":"2026-03-04T21:29:40","guid":{"rendered":"https:\/\/radiocresatelital.com\/?p=48615"},"modified":"2026-03-04T23:31:24","modified_gmt":"2026-03-04T23:31:24","slug":"mujeres-activas-bailomaraton-se-vivira-a-nivel-nacional-por-el-dia-internacional-de-la-mujer","status":"publish","type":"post","link":"https:\/\/radiocresatelital.com\/?p=48615","title":{"rendered":"Mujeres Activas: Bailomarat\u00f3n se vivir\u00e1 a nivel nacional por el D\u00eda Internacional de la Mujer"},"content":{"rendered":"<p>Quito.- En el marco del D\u00eda Internacional de la Mujer, el Ministerio de Educaci\u00f3n, Deporte y Cultura (MINEDEC), a trav\u00e9s del Viceministerio del Deporte, invita a la ciudadan\u00eda a participar en \u201cMujeres Activas: Bailomarat\u00f3n\u201d, una jornada nacional que promover\u00e1 la actividad f\u00edsica, el bienestar y la participaci\u00f3n de las mujeres a trav\u00e9s del movimiento.<\/p>\n<p>Del 5 al 7 de marzo, mujeres de distintas provincias del pa\u00eds se reunir\u00e1n en espacios deportivos y recreativos para disfrutar de sesiones de baile y activaci\u00f3n f\u00edsica, fomentando estilos de vida saludables y fortaleciendo la comunidad a trav\u00e9s del deporte.<\/p>\n<p>Esta iniciativa forma parte del servicio Act\u00edvate, impulsado por el Gobierno Nacional para ampliar el acceso al deporte y la actividad f\u00edsica en todo el territorio.<\/p>\n<p>La Bailomarat\u00f3n se desarrollar\u00e1 en 17 provincias: Morona Santiago, Zamora Chinchipe, Chimborazo, Los R\u00edos, Santo Domingo de los Ts\u00e1chilas, Bol\u00edvar, Pastaza, Orellana, Napo, Esmeraldas, Imbabura, Manab\u00ed, El Oro, Guayas, Pichincha, Santa Elena y Loja, con una participaci\u00f3n estimada de m\u00e1s de 3.000 mujeres.<\/p>\n<p>Durante estas jornadas, las participantes disfrutar\u00e1n de clases dirigidas en espacios p\u00fablicos, promoviendo la integraci\u00f3n, el bienestar y el empoderamiento femenino.<\/p>\n<p>Con iniciativas como Mujeres Activas, el MINEDEC reafirma su compromiso de generar espacios inclusivos que fortalezcan la participaci\u00f3n de las mujeres y promuevan h\u00e1bitos de vida saludables en todo el pa\u00eds.<\/p>\n<p>Para conocer el punto m\u00e1s cercano, visita las redes oficiales del Ministerio de Educaci\u00f3n, Deporte y Cultura, donde encontrar\u00e1s horarios y lugares de esta gran jornada nacional.<\/p>\n","protected":false},"excerpt":{"rendered":"<p>Quito.- En el marco del D\u00eda Internacional de la Mujer, el Ministerio de Educaci\u00f3n, Deporte y Cultura (MINEDEC), a trav\u00e9s del Viceministerio del Deporte, invita a la ciudadan\u00eda a participar en \u201cMujeres Activas: Bailomarat\u00f3n\u201d, una jornada nacional que promover\u00e1 la actividad f\u00edsica, el bienestar y la participaci\u00f3n de las mujeres a trav\u00e9s del movimiento. Del [&hellip;]<\/p>\n","protected":false},"author":2,"featured_media":48616,"comment_status":"open","ping_status":"closed","sticky":false,"template":"","format":"standard","meta":{"_jetpack_memberships_contains_paid_content":false,"footnotes":""},"categories":[13],"tags":[2079,444,5476],"class_list":["post-48615","post","type-post","status-publish","format-standard","has-post-thumbnail","hentry","category-noticias-nacionales","tag-dia-internacional-de-la-mujer","tag-ministerio-de-educacion","tag-viceministerio-del-deporte"],"jetpack_featured_media_url":"https:\/\/radiocresatelital.com\/wp-content\/uploads\/2026\/03\/bailoterapia1.jpeg","jetpack_sharing_enabled":true,"_links":{"self":[{"href":"https:\/\/radiocresatelital.com\/index.php?rest_route=\/wp\/v2\/posts\/48615","targetHints":{"allow":["GET"]}}],"collection":[{"href":"https:\/\/radiocresatelital.com\/index.php?rest_route=\/wp\/v2\/posts"}],"about":[{"href":"https:\/\/radiocresatelital.com\/index.php?rest_route=\/wp\/v2\/types\/post"}],"author":[{"embeddable":true,"href":"https:\/\/radiocresatelital.com\/index.php?rest_route=\/wp\/v2\/users\/2"}],"replies":[{"embeddable":true,"href":"https:\/\/radiocresatelital.com\/index.php?rest_route=%2Fwp%2Fv2%2Fcomments&post=48615"}],"version-history":[{"count":1,"href":"https:\/\/radiocresatelital.com\/index.php?rest_route=\/wp\/v2\/posts\/48615\/revisions"}],"predecessor-version":[{"id":48617,"href":"https:\/\/radiocresatelital.com\/index.php?rest_route=\/wp\/v2\/posts\/48615\/revisions\/48617"}],"wp:featuredmedia":[{"embeddable":true,"href":"https:\/\/radiocresatelital.com\/index.php?rest_route=\/wp\/v2\/media\/48616"}],"wp:attachment":[{"href":"https:\/\/radiocresatelital.com\/index.php?rest_route=%2Fwp%2Fv2%2Fmedia&parent=48615"}],"wp:term":[{"taxonomy":"category","embeddable":true,"href":"https:\/\/radiocresatelital.com\/index.php?rest_route=%2Fwp%2Fv2%2Fcategories&post=48615"},{"taxonomy":"post_tag","embeddable":true,"href":"https:\/\/radiocresatelital.com\/index.php?rest_route=%2Fwp%2Fv2%2Ftags&post=48615"}],"curies":[{"name":"wp","href":"https:\/\/api.w.org\/{rel}","templated":true}]}}