{"id":48612,"date":"2026-03-04T21:27:12","date_gmt":"2026-03-04T21:27:12","guid":{"rendered":"https:\/\/radiocresatelital.com\/?p=48612"},"modified":"2026-03-04T23:27:23","modified_gmt":"2026-03-04T23:27:23","slug":"con-una-inversion-de-300-000-prefectura-del-guayas-y-fundacion-global-smile-anuncian-programa-de-cirugias-gratuitas-para-120-pacientes-de-escasos-recursos","status":"publish","type":"post","link":"https:\/\/radiocresatelital.com\/?p=48612","title":{"rendered":"Con una inversi\u00f3n de $300.000, Prefectura del Guayas y Fundaci\u00f3n Global Smile anuncian programa de cirug\u00edas gratuitas para 120 pacientes de escasos recursos"},"content":{"rendered":"<p>La Prefectura del Guayas, en convenio con la Fundaci\u00f3n Global Smile Ecuador, junto a Global Smile International, ejecutar\u00e1 un programa humanitario sostenible, enfocado en la atenci\u00f3n integral de personas con malformaciones faciales cong\u00e9nitas, especialmente fisura labiopalatina. Entre los 120 beneficiados para el a\u00f1o 2026, constan: ni\u00f1os, j\u00f3venes y adultos que acceder\u00e1n a evaluaci\u00f3n m\u00e9dica previa, preparaci\u00f3n cl\u00ednica, cirug\u00eda especializada y seguimiento postquir\u00fargico. De forma complementaria, se contempla, adem\u00e1s, brindar asistencia en nutrici\u00f3n, psicolog\u00eda, odontolog\u00eda y terapia de lenguaje.<\/p>\n<p>Durante la rueda de prensa, la Prefecta del Guayas, Marcela Agui\u00f1aga, destac\u00f3 que esta alianza p\u00fablico-privada se ha consolidado a lo largo de varios a\u00f1os y ha permitido ampliar el acceso a cirug\u00edas especializadas, para familias que no cuentan con los recursos para costearlas. Inform\u00f3 que la primera jornada, se desarrollar\u00e1 en marzo con 60 beneficiarios y la segunda, en septiembre con 60 pacientes adicionales, no solo de la provincia sino tambi\u00e9n de otros sectores del pa\u00eds.<\/p>\n<p>La m\u00e1xima autoridad en Guayas, resalt\u00f3 que la inversi\u00f3n anual supera los $300.000 y que, desde el inicio de su gesti\u00f3n, el aporte acumulado bordea los $900.000.<\/p>\n<p>Tambi\u00e9n agreg\u00f3 que el programa contempla el tratamiento previo de condiciones como desnutrici\u00f3n, anemia e infecciones, para asegurar procedimientos seguros y t\u00e9cnicamente adecuados. \u201cEs el modelo de atenci\u00f3n que pone la dignidad y el bienestar de las personas en el centro; es nuestra misi\u00f3n de vida y tambi\u00e9n nuestra misi\u00f3n institucional, por eso es que creemos aqu\u00ed en las alianzas entre lo p\u00fablico y lo<br \/>\nprivado\u201d.<\/p>\n<p>Por su parte, Usama Hamdan, representante de Global Smile International, se\u00f1al\u00f3 que la organizaci\u00f3n cuenta con 39 a\u00f1os de servicio humanitario en Latinoam\u00e9rica y m\u00e1s de 35 a\u00f1os de seguimiento continuo a pacientes en Ecuador y en el mundo.<\/p>\n<p>Explic\u00f3 que el programa ha evolucionado hacia un modelo que involucra el trabajo conjunto con profesionales ecuatorianos. \u201cLo cambiamos recientemente a Programas Humanitarios Sostenibles porque el concepto que maneja Global Smile es de elaborar capacidad y trabajo en el sitio\u201d, concluy\u00f3, destacando la participaci\u00f3n de m\u00e1s de 120 voluntarios nacionales y la colaboraci\u00f3n con el Hospital Semedic y la academia, para fortalecer el talento humano y elevar la calidad de la atenci\u00f3n quir\u00fargica en el pa\u00eds.<\/p>\n","protected":false},"excerpt":{"rendered":"<p>La Prefectura del Guayas, en convenio con la Fundaci\u00f3n Global Smile Ecuador, junto a Global Smile International, ejecutar\u00e1 un programa humanitario sostenible, enfocado en la atenci\u00f3n integral de personas con malformaciones faciales cong\u00e9nitas, especialmente fisura labiopalatina. Entre los 120 beneficiados para el a\u00f1o 2026, constan: ni\u00f1os, j\u00f3venes y adultos que acceder\u00e1n a evaluaci\u00f3n m\u00e9dica previa, [&hellip;]<\/p>\n","protected":false},"author":2,"featured_media":48613,"comment_status":"open","ping_status":"closed","sticky":false,"template":"","format":"standard","meta":{"_jetpack_memberships_contains_paid_content":false,"footnotes":""},"categories":[13],"tags":[7999,8000,248,1406],"class_list":["post-48612","post","type-post","status-publish","format-standard","has-post-thumbnail","hentry","category-noticias-nacionales","tag-fundacion-global-smile-ecuador","tag-global-smile-international","tag-marcela-aguinaga","tag-prefecta-del-guayas"],"jetpack_featured_media_url":"https:\/\/radiocresatelital.com\/wp-content\/uploads\/2026\/03\/WhatsApp-Image-2026-03-04-at-16.50.34.jpeg","jetpack_sharing_enabled":true,"_links":{"self":[{"href":"https:\/\/radiocresatelital.com\/index.php?rest_route=\/wp\/v2\/posts\/48612","targetHints":{"allow":["GET"]}}],"collection":[{"href":"https:\/\/radiocresatelital.com\/index.php?rest_route=\/wp\/v2\/posts"}],"about":[{"href":"https:\/\/radiocresatelital.com\/index.php?rest_route=\/wp\/v2\/types\/post"}],"author":[{"embeddable":true,"href":"https:\/\/radiocresatelital.com\/index.php?rest_route=\/wp\/v2\/users\/2"}],"replies":[{"embeddable":true,"href":"https:\/\/radiocresatelital.com\/index.php?rest_route=%2Fwp%2Fv2%2Fcomments&post=48612"}],"version-history":[{"count":1,"href":"https:\/\/radiocresatelital.com\/index.php?rest_route=\/wp\/v2\/posts\/48612\/revisions"}],"predecessor-version":[{"id":48614,"href":"https:\/\/radiocresatelital.com\/index.php?rest_route=\/wp\/v2\/posts\/48612\/revisions\/48614"}],"wp:featuredmedia":[{"embeddable":true,"href":"https:\/\/radiocresatelital.com\/index.php?rest_route=\/wp\/v2\/media\/48613"}],"wp:attachment":[{"href":"https:\/\/radiocresatelital.com\/index.php?rest_route=%2Fwp%2Fv2%2Fmedia&parent=48612"}],"wp:term":[{"taxonomy":"category","embeddable":true,"href":"https:\/\/radiocresatelital.com\/index.php?rest_route=%2Fwp%2Fv2%2Fcategories&post=48612"},{"taxonomy":"post_tag","embeddable":true,"href":"https:\/\/radiocresatelital.com\/index.php?rest_route=%2Fwp%2Fv2%2Ftags&post=48612"}],"curies":[{"name":"wp","href":"https:\/\/api.w.org\/{rel}","templated":true}]}}