{"id":48606,"date":"2026-03-04T23:19:03","date_gmt":"2026-03-04T23:19:03","guid":{"rendered":"https:\/\/radiocresatelital.com\/?p=48606"},"modified":"2026-03-04T23:19:03","modified_gmt":"2026-03-04T23:19:03","slug":"mercado-de-las-flores-ampliara-su-atencion-por-el-dia-de-la-mujer-y-operara-de-forma-ininterrumpida","status":"publish","type":"post","link":"https:\/\/radiocresatelital.com\/?p=48606","title":{"rendered":"Mercado de las Flores ampliar\u00e1 su atenci\u00f3n por el D\u00eda de la Mujer y operar\u00e1 de forma ininterrumpida"},"content":{"rendered":"<p>Guayaquil.- La conmemoraci\u00f3n del D\u00eda Internacional de la Mujer dinamiza cada a\u00f1o la actividad comercial en la ciudad. En ese contexto, el Mercado Municipal de las Flores de Guayaquil Zayda Letty Castillo ampliar\u00e1 su horario de atenci\u00f3n este 8 de marzo para atender la creciente demanda de arreglos y detalles florales.<\/p>\n<p>Para garantizar abastecimiento y variedad, la mayor\u00eda de los comerciantes mayoristas trabajar\u00e1 en jornada extendida desde las 19h00 locales (00h00 GMT) del jueves hasta las 07h00 locales (12h00 GMT) del domingo, de manera ininterrumpida. Durante esas horas arriban flores frescas provenientes de distintos sectores productores del pa\u00eds, lo que permite ofrecer productos reci\u00e9n cosechados y en \u00f3ptimas condiciones.<\/p>\n<p>La log\u00edstica tambi\u00e9n se ha previsto para brindar mayor comodidad a los visitantes. El mercado dispone de cerca de 100 espacios de parqueadero, facilitando el acceso, especialmente en horario nocturno. Adem\u00e1s, se mantiene presencia de seguridad tanto en las \u00e1reas de estacionamiento como en el interior de las instalaciones, garantizando un entorno organizado y tranquilo para realizar las compras.<\/p>\n<p>Los comerciantes y autoridades municipales invitan a la ciudadan\u00eda a visitar el Mercado de las Flores y apoyar el comercio local, adquiriendo arreglos florales para homenajear a las mujeres en su d\u00eda.<\/p>\n","protected":false},"excerpt":{"rendered":"<p>Guayaquil.- La conmemoraci\u00f3n del D\u00eda Internacional de la Mujer dinamiza cada a\u00f1o la actividad comercial en la ciudad. En ese contexto, el Mercado Municipal de las Flores de Guayaquil Zayda Letty Castillo ampliar\u00e1 su horario de atenci\u00f3n este 8 de marzo para atender la creciente demanda de arreglos y detalles florales. Para garantizar abastecimiento y [&hellip;]<\/p>\n","protected":false},"author":2,"featured_media":48607,"comment_status":"open","ping_status":"closed","sticky":false,"template":"","format":"standard","meta":{"_jetpack_memberships_contains_paid_content":false,"footnotes":""},"categories":[33,13],"tags":[2079,7997],"class_list":["post-48606","post","type-post","status-publish","format-standard","has-post-thumbnail","hentry","category-guayaquil","category-noticias-nacionales","tag-dia-internacional-de-la-mujer","tag-mercado-municipal-de-las-flores-de-guayaquil-zayda-letty-castillo"],"jetpack_featured_media_url":"https:\/\/radiocresatelital.com\/wp-content\/uploads\/2026\/03\/4.jpeg","jetpack_sharing_enabled":true,"_links":{"self":[{"href":"https:\/\/radiocresatelital.com\/index.php?rest_route=\/wp\/v2\/posts\/48606","targetHints":{"allow":["GET"]}}],"collection":[{"href":"https:\/\/radiocresatelital.com\/index.php?rest_route=\/wp\/v2\/posts"}],"about":[{"href":"https:\/\/radiocresatelital.com\/index.php?rest_route=\/wp\/v2\/types\/post"}],"author":[{"embeddable":true,"href":"https:\/\/radiocresatelital.com\/index.php?rest_route=\/wp\/v2\/users\/2"}],"replies":[{"embeddable":true,"href":"https:\/\/radiocresatelital.com\/index.php?rest_route=%2Fwp%2Fv2%2Fcomments&post=48606"}],"version-history":[{"count":1,"href":"https:\/\/radiocresatelital.com\/index.php?rest_route=\/wp\/v2\/posts\/48606\/revisions"}],"predecessor-version":[{"id":48608,"href":"https:\/\/radiocresatelital.com\/index.php?rest_route=\/wp\/v2\/posts\/48606\/revisions\/48608"}],"wp:featuredmedia":[{"embeddable":true,"href":"https:\/\/radiocresatelital.com\/index.php?rest_route=\/wp\/v2\/media\/48607"}],"wp:attachment":[{"href":"https:\/\/radiocresatelital.com\/index.php?rest_route=%2Fwp%2Fv2%2Fmedia&parent=48606"}],"wp:term":[{"taxonomy":"category","embeddable":true,"href":"https:\/\/radiocresatelital.com\/index.php?rest_route=%2Fwp%2Fv2%2Fcategories&post=48606"},{"taxonomy":"post_tag","embeddable":true,"href":"https:\/\/radiocresatelital.com\/index.php?rest_route=%2Fwp%2Fv2%2Ftags&post=48606"}],"curies":[{"name":"wp","href":"https:\/\/api.w.org\/{rel}","templated":true}]}}